{"id":589,"date":"2015-07-24T07:42:24","date_gmt":"2015-07-24T07:42:24","guid":{"rendered":"http:\/\/https:\/\/blog.nautal.com\/fr\/?p=589"},"modified":"2023-02-27T18:09:05","modified_gmt":"2023-02-27T17:09:05","slug":"le-parc-national-des-calanques-2","status":"publish","type":"post","link":"https:\/\/blog.nautal.com\/fr\/le-parc-national-des-calanques-2\/","title":{"rendered":"Le parc National des calanques"},"content":{"rendered":"<p style=\"text-align: justify;\">Bienvenue dans le parc National des Calanques. Situ\u00e9 aux portes de Marseille, ce jeune parc qui b\u00e9n\u00e9ficie du statut de \u00ab\u00a0Parc national\u00a0\u00bb depuis 2012, poss\u00e8de une superficie de 520km2, dont 90% en mer ! R\u00e9gion particuli\u00e8rement vent\u00e9e, c\u2019est \u00e9galement un terrain de jeu propice \u00e0 la navigation.<br \/>\nDans cet article, Nautal vous propose de d\u00e9couvrir les plus belles\u00a0calanques que le parc a \u00e0 offrir.<\/p>\n<div id=\"ez-toc-container\" class=\"ez-toc-v2_0_57_1 counter-hierarchy ez-toc-counter ez-toc-grey ez-toc-container-direction\">\n<div class=\"ez-toc-title-container\">\n<p class=\"ez-toc-title \" >Sommaire<\/p>\n<span class=\"ez-toc-title-toggle\"><a href=\"#\" class=\"ez-toc-pull-right ez-toc-btn ez-toc-btn-xs ez-toc-btn-default ez-toc-toggle\" aria-label=\"Toggle Table of Content\" role=\"button\"><label for=\"item-69f3b5bacce95\" ><span class=\"\"><span style=\"display:none;\">Toggle<\/span><span class=\"ez-toc-icon-toggle-span\"><svg style=\"fill: #999;color:#999\" xmlns=\"http:\/\/www.w3.org\/2000\/svg\" class=\"list-377408\" width=\"20px\" height=\"20px\" viewBox=\"0 0 24 24\" fill=\"none\"><path d=\"M6 6H4v2h2V6zm14 0H8v2h12V6zM4 11h2v2H4v-2zm16 0H8v2h12v-2zM4 16h2v2H4v-2zm16 0H8v2h12v-2z\" fill=\"currentColor\"><\/path><\/svg><svg style=\"fill: #999;color:#999\" class=\"arrow-unsorted-368013\" xmlns=\"http:\/\/www.w3.org\/2000\/svg\" width=\"10px\" height=\"10px\" viewBox=\"0 0 24 24\" version=\"1.2\" baseProfile=\"tiny\"><path d=\"M18.2 9.3l-6.2-6.3-6.2 6.3c-.2.2-.3.4-.3.7s.1.5.3.7c.2.2.4.3.7.3h11c.3 0 .5-.1.7-.3.2-.2.3-.5.3-.7s-.1-.5-.3-.7zM5.8 14.7l6.2 6.3 6.2-6.3c.2-.2.3-.5.3-.7s-.1-.5-.3-.7c-.2-.2-.4-.3-.7-.3h-11c-.3 0-.5.1-.7.3-.2.2-.3.5-.3.7s.1.5.3.7z\"\/><\/svg><\/span><\/span><\/label><input aria-label=\"Toggle\" aria-label=\"item-69f3b5bacce95\"  type=\"checkbox\" id=\"item-69f3b5bacce95\"><\/a><\/span><\/div>\n<nav><ul class='ez-toc-list ez-toc-list-level-1 ' ><li class='ez-toc-page-1 ez-toc-heading-level-2'><a class=\"ez-toc-link ez-toc-heading-1\" href=\"https:\/\/blog.nautal.com\/fr\/le-parc-national-des-calanques-2\/#1_En-Vau_lincontournable\" title=\"1. En-Vau\u00a0: l\u2019incontournable\">1. En-Vau\u00a0: l\u2019incontournable<\/a><\/li><li class='ez-toc-page-1 ez-toc-heading-level-2'><a class=\"ez-toc-link ez-toc-heading-2\" href=\"https:\/\/blog.nautal.com\/fr\/le-parc-national-des-calanques-2\/#Sormiou_la_plus_grande\" title=\"Sormiou\u00a0: la plus grande\">Sormiou\u00a0: la plus grande<\/a><\/li><li class='ez-toc-page-1 ez-toc-heading-level-2'><a class=\"ez-toc-link ez-toc-heading-3\" href=\"https:\/\/blog.nautal.com\/fr\/le-parc-national-des-calanques-2\/#Sugiton_la_sauvage\" title=\"Sugiton\u00a0: la sauvage\">Sugiton\u00a0: la sauvage<\/a><\/li><li class='ez-toc-page-1 ez-toc-heading-level-2'><a class=\"ez-toc-link ez-toc-heading-4\" href=\"https:\/\/blog.nautal.com\/fr\/le-parc-national-des-calanques-2\/#Port-miou_la_conviviale\" title=\"Port-miou\u00a0:\u00a0la conviviale\">Port-miou\u00a0:\u00a0la conviviale<\/a><\/li><li class='ez-toc-page-1 ez-toc-heading-level-2'><a class=\"ez-toc-link ez-toc-heading-5\" href=\"https:\/\/blog.nautal.com\/fr\/le-parc-national-des-calanques-2\/#LOule_la_reveche\" title=\"L\u2019Oule\u00a0: la rev\u00eache\">L\u2019Oule\u00a0: la rev\u00eache<\/a><\/li><li class='ez-toc-page-1 ez-toc-heading-level-2'><a class=\"ez-toc-link ez-toc-heading-6\" href=\"https:\/\/blog.nautal.com\/fr\/le-parc-national-des-calanques-2\/#LEscu_la_dangeureuse\" title=\"L&rsquo;\u2019Escu\u00a0: la dangeureuse\">L&rsquo;\u2019Escu\u00a0: la dangeureuse<\/a><\/li><li class='ez-toc-page-1 ez-toc-heading-level-2'><a class=\"ez-toc-link ez-toc-heading-7\" href=\"https:\/\/blog.nautal.com\/fr\/le-parc-national-des-calanques-2\/#Port-pin_la_boisee\" title=\"Port-pin\u00a0: la bois\u00e9e\">Port-pin\u00a0: la bois\u00e9e<\/a><\/li><li class='ez-toc-page-1 ez-toc-heading-level-2'><a class=\"ez-toc-link ez-toc-heading-8\" href=\"https:\/\/blog.nautal.com\/fr\/le-parc-national-des-calanques-2\/#Le_Cap_Morgiou_et_la_calanque_de_la_Triperie_lhistorique\" title=\" Le Cap Morgiou et la calanque de la Triperie\u00a0: l&rsquo;historique\"> Le Cap Morgiou et la calanque de la Triperie\u00a0: l&rsquo;historique<\/a><\/li><li class='ez-toc-page-1 ez-toc-heading-level-2'><a class=\"ez-toc-link ez-toc-heading-9\" href=\"https:\/\/blog.nautal.com\/fr\/le-parc-national-des-calanques-2\/#Monasterio_lisolee\" title=\"Monasterio\u00a0:\u00a0l&rsquo;isol\u00e9e\">Monasterio\u00a0:\u00a0l&rsquo;isol\u00e9e<\/a><\/li><\/ul><\/nav><\/div>\n<h2><span class=\"ez-toc-section\" id=\"1_En-Vau_lincontournable\"><\/span><strong><u>1. En-Vau\u00a0: l\u2019incontournable<\/u><\/strong><span class=\"ez-toc-section-end\"><\/span><\/h2>\n<p style=\"text-align: center;\"><a href=\"https:\/\/blog.nautal.com\/fr\/wp-content\/uploads\/2015\/07\/4899076126_a8d8cb2233_z-5.jpg\"><img decoding=\"async\" loading=\"lazy\" class=\"alignnone size-full wp-image-605\" src=\"https:\/\/blog.nautal.com\/fr\/wp-content\/uploads\/2015\/07\/4899076126_a8d8cb2233_z-5.jpg\" alt=\"4899076126_a8d8cb2233_z\" width=\"425\" height=\"640\" \/><\/a><a href=\"http:\/\/cdn.nautal.com\/blog\/wp-content\/uploads\/sites\/2\/2015\/07\/envau.jpg\"><br \/>\n<\/a> <!--more--><span style=\"color: #999999;\"><em>\u00a0<\/em><\/span><\/p>\n<p style=\"text-align: justify;\">La calanque d\u2019En Vau est probablement la plus connue de toutes. Voyant ces hautes falaises et cette eau turquoise, il est difficile de croire que l\u2019on se trouve encore dans le 9<sup>\u00e8me<\/sup> arrondissement de Marseille. La \u00ab\u00a0<em>cath\u00e9drale<\/em>\u00a0\u00bb \u2013 ainsi la surnomme-t-on \u2013 est\u00a0 accessible <a href=\"https:\/\/www.nautal.fr\/location-bateau-marseille\" target=\"_blank\" rel=\"noopener noreferrer\">depuis la mer<\/a> ou par un sentier. L\u2019endroit est \u00e9galement un site d\u2019escalade tr\u00e8s appr\u00e9ci\u00e9.<\/p>\n<ol start=\"2\">\n<li>\n<h2><span class=\"ez-toc-section\" id=\"Sormiou_la_plus_grande\"><\/span><strong><u>Sormiou\u00a0: la plus grande<\/u><\/strong><span class=\"ez-toc-section-end\"><\/span><\/h2>\n<\/li>\n<\/ol>\n<p style=\"text-align: center;\"><img decoding=\"async\" loading=\"lazy\" class=\"alignnone wp-image-5238 size-medium\" src=\"https:\/\/blog.nautal.com\/fr\/wp-content\/uploads\/2015\/07\/calanques-sormiou--800x530.jpg\" alt=\"\" width=\"800\" height=\"530\" srcset=\"https:\/\/blog.nautal.com\/fr\/wp-content\/uploads\/2015\/07\/calanques-sormiou--800x530.jpg 800w, https:\/\/blog.nautal.com\/fr\/wp-content\/uploads\/2015\/07\/calanques-sormiou--1160x768.jpg 1160w, https:\/\/blog.nautal.com\/fr\/wp-content\/uploads\/2015\/07\/calanques-sormiou--1536x1017.jpg 1536w, https:\/\/blog.nautal.com\/fr\/wp-content\/uploads\/2015\/07\/calanques-sormiou--2048x1356.jpg 2048w, https:\/\/blog.nautal.com\/fr\/wp-content\/uploads\/2015\/07\/calanques-sormiou--320x212.jpg 320w, https:\/\/blog.nautal.com\/fr\/wp-content\/uploads\/2015\/07\/calanques-sormiou--560x371.jpg 560w, https:\/\/blog.nautal.com\/fr\/wp-content\/uploads\/2015\/07\/calanques-sormiou--1920x1271.jpg 1920w, https:\/\/blog.nautal.com\/fr\/wp-content\/uploads\/2015\/07\/calanques-sormiou--scaled.jpg 2560w\" sizes=\"(max-width: 800px) 100vw, 800px\" \/><\/p>\n<p style=\"text-align: justify;\">Une belle plage de sable, orn\u00e9e de quelques cabanons de p\u00eacheurs et d\u2019un petit port de plaisance\u00a0; Sormiou est une v\u00e9ritable carte postale. Le point positif, c\u2019est qu\u2019elle est accessible directement en voiture (attention \u00e0 bien v\u00e9rifier les horaires d\u2019acc\u00e8s aux calanques au pr\u00e9alable). C\u2019est un des berceaux de la plong\u00e9e sous-marine et les f\u00e9rus d\u2019exploration seront int\u00e9ress\u00e9s par la grotte pr\u00e9historique Cosquer.<\/p>\n<ol start=\"3\">\n<li>\n<h2><span class=\"ez-toc-section\" id=\"Sugiton_la_sauvage\"><\/span><strong><u>Sugiton\u00a0: la sauvage<\/u><\/strong><span class=\"ez-toc-section-end\"><\/span><\/h2>\n<\/li>\n<\/ol>\n<p style=\"text-align: justify;\">G\u00e9n\u00e9ralement fr\u00e9quent\u00e9e par des nudistes, Sugiton se compose de deux criques avec chacune une petite plage de galets surveill\u00e9es par L<em>e torpilleur<\/em> \u2013 l&rsquo;\u00eele situ\u00e9e \u00e0 l\u2019entr\u00e9e de la calanque et qui tire son nom de sa forme de navire militaire. Le cadre de Sugiton est particuli\u00e8rement impressionnant avec ses hautes falaises.<\/p>\n<p><img decoding=\"async\" loading=\"lazy\" class=\"alignnone wp-image-5239 size-medium\" src=\"https:\/\/blog.nautal.com\/fr\/wp-content\/uploads\/2015\/07\/sugiton-ioana-c-800x533.jpg\" alt=\"\" width=\"800\" height=\"533\" srcset=\"https:\/\/blog.nautal.com\/fr\/wp-content\/uploads\/2015\/07\/sugiton-ioana-c-800x533.jpg 800w, https:\/\/blog.nautal.com\/fr\/wp-content\/uploads\/2015\/07\/sugiton-ioana-c-1160x773.jpg 1160w, https:\/\/blog.nautal.com\/fr\/wp-content\/uploads\/2015\/07\/sugiton-ioana-c-1536x1024.jpg 1536w, https:\/\/blog.nautal.com\/fr\/wp-content\/uploads\/2015\/07\/sugiton-ioana-c-2048x1365.jpg 2048w, https:\/\/blog.nautal.com\/fr\/wp-content\/uploads\/2015\/07\/sugiton-ioana-c-320x213.jpg 320w, https:\/\/blog.nautal.com\/fr\/wp-content\/uploads\/2015\/07\/sugiton-ioana-c-560x373.jpg 560w, https:\/\/blog.nautal.com\/fr\/wp-content\/uploads\/2015\/07\/sugiton-ioana-c-1920x1280.jpg 1920w, https:\/\/blog.nautal.com\/fr\/wp-content\/uploads\/2015\/07\/sugiton-ioana-c-scaled.jpg 2560w\" sizes=\"(max-width: 800px) 100vw, 800px\" \/><\/p>\n<ol start=\"4\">\n<li>\n<h2><span class=\"ez-toc-section\" id=\"Port-miou_la_conviviale\"><\/span><strong><u>Port-miou\u00a0:\u00a0la conviviale<\/u><\/strong><span class=\"ez-toc-section-end\"><\/span><\/h2>\n<\/li>\n<\/ol>\n<p style=\"text-align: center;\"><a href=\"http:\/\/cdn.nautal.com\/blog\/wp-content\/uploads\/sites\/2\/2015\/07\/portmiou1.jpg\"><img decoding=\"async\" loading=\"lazy\" class=\"alignnone wp-image-607\" src=\"http:\/\/cdn.nautal.com\/blog\/wp-content\/uploads\/sites\/2\/2015\/07\/portmiou1.jpg\" alt=\"portmiou\" width=\"389\" height=\"582\" \/><\/a><\/p>\n<p style=\"text-align: justify;\">Les falaises et les vieilles tr\u00e9mies sont les vestiges d\u2019une ancienne carri\u00e8re de calcaire. Port-miou abrite aujourd\u2019hui un port de plaisance qui peut accueillir plus de 500 bateaux. Le site offre quelques endroits sympathiques pour se baigner dans une eau toujours aussi belle. Enfin, ceux qui sont \u00e0 la recherche d\u2019adr\u00e9naline pourront s\u2019adonner au cliff jumping.<\/p>\n<ol start=\"5\">\n<li>\n<h2><span class=\"ez-toc-section\" id=\"LOule_la_reveche\"><\/span><strong><u>L\u2019Oule\u00a0: la rev\u00eache<\/u><\/strong><span class=\"ez-toc-section-end\"><\/span><\/h2>\n<\/li>\n<\/ol>\n<p><strong><u><img decoding=\"async\" loading=\"lazy\" class=\"alignnone wp-image-5240 size-medium\" src=\"https:\/\/blog.nautal.com\/fr\/wp-content\/uploads\/2015\/07\/calanques-oule-gus-tav-800x1200.jpg\" alt=\"\" width=\"800\" height=\"1200\" srcset=\"https:\/\/blog.nautal.com\/fr\/wp-content\/uploads\/2015\/07\/calanques-oule-gus-tav-800x1200.jpg 800w, https:\/\/blog.nautal.com\/fr\/wp-content\/uploads\/2015\/07\/calanques-oule-gus-tav-1160x1740.jpg 1160w, https:\/\/blog.nautal.com\/fr\/wp-content\/uploads\/2015\/07\/calanques-oule-gus-tav-1024x1536.jpg 1024w, https:\/\/blog.nautal.com\/fr\/wp-content\/uploads\/2015\/07\/calanques-oule-gus-tav-1365x2048.jpg 1365w, https:\/\/blog.nautal.com\/fr\/wp-content\/uploads\/2015\/07\/calanques-oule-gus-tav-320x480.jpg 320w, https:\/\/blog.nautal.com\/fr\/wp-content\/uploads\/2015\/07\/calanques-oule-gus-tav-560x840.jpg 560w, https:\/\/blog.nautal.com\/fr\/wp-content\/uploads\/2015\/07\/calanques-oule-gus-tav-1920x2880.jpg 1920w, https:\/\/blog.nautal.com\/fr\/wp-content\/uploads\/2015\/07\/calanques-oule-gus-tav-scaled.jpg 1707w\" sizes=\"(max-width: 800px) 100vw, 800px\" \/><\/u><\/strong><\/p>\n<p style=\"text-align: justify;\">La calanque de l\u2019Oule vient du proven\u00e7al <em>oulo<\/em> qui signifie \u00ab\u00a0marmite\u00a0\u00bb. Le nom prend tout son sens lorsque l\u2019on visite cette calanque encaiss\u00e9e entre des falaises qui s&rsquo;\u00e9l\u00e8vent \u00e0 70 m\u00e8tres au dessus des eaux. Cette calanque n\u2019est accessible que par voie maritime ou en rappel. Elle abrite \u00e9galement la mythique voie d\u2019escalade des \u00ab\u00a0Futurs Croulants\u00a0\u00bb.<\/p>\n<ol start=\"6\">\n<li>\n<h2><span class=\"ez-toc-section\" id=\"LEscu_la_dangeureuse\"><\/span><strong><u>L&rsquo;\u2019Escu\u00a0: la dangeureuse<\/u><\/strong><span class=\"ez-toc-section-end\"><\/span><\/h2>\n<\/li>\n<\/ol>\n<p><img decoding=\"async\" loading=\"lazy\" class=\" wp-image-592 aligncenter\" src=\"http:\/\/cdn.nautal.com\/blog\/wp-content\/uploads\/sites\/2\/2015\/07\/escu-300x225.jpg\" alt=\"escu\" width=\"427\" height=\"320\" \/><\/p>\n<p style=\"text-align: justify;\">Dans la calanque de l\u2019Escu, malgr\u00e9 la beaut\u00e9 des lieux, un \u00e9criteau rappelle que la nature peut \u00eatre dangereuse. En 1981, Sylvain Menu, un jeune homme de 16 ans perdit la vie en sauvant un autre enfant de la noyade. Comme en t\u00e9moigne ce tragique \u00e9v\u00e8nement, il est dangereux de se baigner. Mais, par vent d\u2019Est, les visiteurs pourront jouir du spectacle grandiose des\u00a0vagues qui se fracassent sur les rochers dans un grondement sourd venant de sous les pieds, avec des embruns pouvant\u00a0atteindre plus de 10 m\u00e8tres de hauteur.<\/p>\n<ol start=\"7\">\n<li>\n<h2><span class=\"ez-toc-section\" id=\"Port-pin_la_boisee\"><\/span><strong><u>Port-pin\u00a0: la bois\u00e9e<\/u><\/strong><span class=\"ez-toc-section-end\"><\/span><\/h2>\n<\/li>\n<\/ol>\n<p style=\"text-align: center;\"><strong><u><a href=\"http:\/\/cdn.nautal.com\/blog\/wp-content\/uploads\/sites\/2\/2015\/07\/portpin.jpg\"><img decoding=\"async\" loading=\"lazy\" class=\"alignnone size-full wp-image-596\" src=\"http:\/\/cdn.nautal.com\/blog\/wp-content\/uploads\/sites\/2\/2015\/07\/portpin.jpg\" alt=\"portpin\" width=\"736\" height=\"488\" \/><\/a><\/u><\/strong><\/p>\n<p style=\"text-align: justify;\">Son nom en dit long. A port-pin, le bleu turquoise de l\u2019eau se marrie au vert des pins. Et, dans ce cadre idyllique, la petite plage de sable et de de galets est une invitation \u00e0 la baignade. L\u2019acc\u00e8s se fait depuis le port miou apr\u00e8s une marche de 25 min, ou <a href=\"https:\/\/www.nautal.fr\/location-bateau-marseille\" target=\"_blank\" rel=\"noopener noreferrer\">en bateau <\/a>bien s\u00fbr.<\/p>\n<ol start=\"8\">\n<li>\n<h2><span class=\"ez-toc-section\" id=\"Le_Cap_Morgiou_et_la_calanque_de_la_Triperie_lhistorique\"><\/span><strong><u> Le Cap Morgiou et la calanque de la Triperie\u00a0: l&rsquo;historique<\/u><\/strong><span class=\"ez-toc-section-end\"><\/span><\/h2>\n<\/li>\n<\/ol>\n<p><em><a href=\"http:\/\/cdn.nautal.com\/blog\/wp-content\/uploads\/sites\/2\/2015\/07\/triperie.jpg\"><img decoding=\"async\" loading=\"lazy\" class=\"alignnone size-full wp-image-599\" src=\"http:\/\/cdn.nautal.com\/blog\/wp-content\/uploads\/sites\/2\/2015\/07\/triperie.jpg\" alt=\"triperie\" width=\"1000\" height=\"451\" \/><\/a><\/em><\/p>\n<p style=\"text-align: justify;\">Ce lieu, pour autant sauvage et tranquille, est charg\u00e9 d\u2019histoire. Sur le cap Fortin se trouvent des fortifications construites en 1810 \u00e0\u00a0l\u2019instigation de Napol\u00e9on Bonaparte. Ici se trouve \u00e9galement une grotte unique au monde\u00a0: la grotte de Cosquer, du nom du plongeur qui l\u2019a d\u00e9couverte en 1991. Situ\u00e9e \u00e0 37 m\u00e8tres de fond, elle abrite des dizaines de peintures et gravures du Pal\u00e9olithique sup\u00e9rieur (son acc\u00e8s est cependant interdit au public).<\/p>\n<ol start=\"9\">\n<li>\n<h2><span class=\"ez-toc-section\" id=\"Monasterio_lisolee\"><\/span><strong><u>Monasterio\u00a0:\u00a0l&rsquo;isol\u00e9e<\/u><\/strong><span class=\"ez-toc-section-end\"><\/span><\/h2>\n<\/li>\n<\/ol>\n<p><a href=\"http:\/\/cdn.nautal.com\/blog\/wp-content\/uploads\/sites\/2\/2015\/07\/monasterio.jpg\"><img decoding=\"async\" loading=\"lazy\" class=\"alignnone size-full wp-image-594\" src=\"http:\/\/cdn.nautal.com\/blog\/wp-content\/uploads\/sites\/2\/2015\/07\/monasterio.jpg\" alt=\"monasterio\" width=\"640\" height=\"480\" \/><\/a><\/p>\n<p style=\"text-align: justify;\">Situ\u00e9e sur l\u2019\u00eele du Riou, dans l\u2019archipel du m\u00eame nom, la calanque de monasterio est r\u00e9put\u00e9e comme la plus belle de cet archipel. Les eaux turquoises et la richesse de la faune sous-marine feront le bonheur des pratiquants de plong\u00e9e libre.<\/p>\n","protected":false},"excerpt":{"rendered":"<div class=\"post-excerpt\">Bienvenue dans le parc National des Calanques. Situ\u00e9 aux portes de Marseille, ce jeune parc qui b\u00e9n\u00e9ficie du statut de \u00ab\u00a0Parc national\u00a0\u00bb depuis 2012, poss\u00e8de une superficie de 520km2, dont&hellip;<\/div>\n<div class=\"post-more\"><a href=\"https:\/\/blog.nautal.com\/fr\/le-parc-national-des-calanques-2\/\" class=\"button button-primary button-effect\"><span>EN SAVOIR PLUS<\/span><span><i class=\"cs-icon cs-icon-arrow-right\"><\/i><\/span><\/a><\/div>\n","protected":false},"author":34,"featured_media":1686,"comment_status":"open","ping_status":"open","sticky":false,"template":"","format":"standard","meta":[],"categories":[3],"tags":[],"yoast_head":"<!-- This site is optimized with the Yoast SEO plugin v19.10 - https:\/\/yoast.com\/wordpress\/plugins\/seo\/ -->\n<title>Le parc National des calanques - Blog Nautal<\/title>\n<meta name=\"description\" content=\"La s\u00e9lection Nautal des plus belles calanques situ\u00e9es entre Marseille et Cassis. Laissez-vous guider dans ce paysage magnifique\" \/>\n<meta name=\"robots\" content=\"index, follow, max-snippet:-1, max-image-preview:large, max-video-preview:-1\" \/>\n<link rel=\"canonical\" href=\"https:\/\/blog.nautal.com\/fr\/le-parc-national-des-calanques-2\/\" \/>\n<meta property=\"og:locale\" content=\"fr_FR\" \/>\n<meta property=\"og:type\" content=\"article\" \/>\n<meta property=\"og:title\" content=\"Le parc National des calanques - Blog Nautal\" \/>\n<meta property=\"og:description\" content=\"La s\u00e9lection Nautal des plus belles calanques situ\u00e9es entre Marseille et Cassis. Laissez-vous guider dans ce paysage magnifique\" \/>\n<meta property=\"og:url\" content=\"https:\/\/blog.nautal.com\/fr\/le-parc-national-des-calanques-2\/\" \/>\n<meta property=\"og:site_name\" content=\"Le blog de Nautal | Toute l&#039;information autour de la location de bateau\" \/>\n<meta property=\"article:publisher\" content=\"https:\/\/www.facebook.com\/ClickandboatEN\/\" \/>\n<meta property=\"article:published_time\" content=\"2015-07-24T07:42:24+00:00\" \/>\n<meta property=\"article:modified_time\" content=\"2023-02-27T17:09:05+00:00\" \/>\n<meta property=\"og:image\" content=\"https:\/\/blog.nautal.com\/fr\/wp-content\/uploads\/2015\/07\/Calanque_de_Sormiou-Cassis-2.jpg\" \/>\n\t<meta property=\"og:image:width\" content=\"700\" \/>\n\t<meta property=\"og:image:height\" content=\"333\" \/>\n\t<meta property=\"og:image:type\" content=\"image\/jpeg\" \/>\n<meta name=\"author\" content=\"Bastien\" \/>\n<meta name=\"twitter:card\" content=\"summary_large_image\" \/>\n<meta name=\"twitter:creator\" content=\"@ClickandBoat\" \/>\n<meta name=\"twitter:site\" content=\"@ClickandBoat\" \/>\n<meta name=\"twitter:label1\" content=\"Written by\" \/>\n\t<meta name=\"twitter:data1\" content=\"Bastien\" \/>\n\t<meta name=\"twitter:label2\" content=\"Est. reading time\" \/>\n\t<meta name=\"twitter:data2\" content=\"6 minutes\" \/>\n<script type=\"application\/ld+json\" class=\"yoast-schema-graph\">{\"@context\":\"https:\/\/schema.org\",\"@graph\":[{\"@type\":\"Article\",\"@id\":\"https:\/\/blog.nautal.com\/fr\/le-parc-national-des-calanques-2\/#article\",\"isPartOf\":{\"@id\":\"https:\/\/blog.nautal.com\/fr\/le-parc-national-des-calanques-2\/\"},\"author\":{\"name\":\"Bastien\",\"@id\":\"https:\/\/blog.nautal.com\/fr\/#\/schema\/person\/e93f117405448e29d9de240b468df13f\"},\"headline\":\"Le parc National des calanques\",\"datePublished\":\"2015-07-24T07:42:24+00:00\",\"dateModified\":\"2023-02-27T17:09:05+00:00\",\"mainEntityOfPage\":{\"@id\":\"https:\/\/blog.nautal.com\/fr\/le-parc-national-des-calanques-2\/\"},\"wordCount\":716,\"commentCount\":0,\"publisher\":{\"@id\":\"https:\/\/blog.nautal.com\/fr\/#organization\"},\"articleSection\":[\"Destinations &amp; Itin\u00e9raires\"],\"inLanguage\":\"fr-FR\",\"potentialAction\":[{\"@type\":\"CommentAction\",\"name\":\"Comment\",\"target\":[\"https:\/\/blog.nautal.com\/fr\/le-parc-national-des-calanques-2\/#respond\"]}]},{\"@type\":\"WebPage\",\"@id\":\"https:\/\/blog.nautal.com\/fr\/le-parc-national-des-calanques-2\/\",\"url\":\"https:\/\/blog.nautal.com\/fr\/le-parc-national-des-calanques-2\/\",\"name\":\"Le parc National des calanques - Blog Nautal\",\"isPartOf\":{\"@id\":\"https:\/\/blog.nautal.com\/fr\/#website\"},\"datePublished\":\"2015-07-24T07:42:24+00:00\",\"dateModified\":\"2023-02-27T17:09:05+00:00\",\"description\":\"La s\u00e9lection Nautal des plus belles calanques situ\u00e9es entre Marseille et Cassis. Laissez-vous guider dans ce paysage magnifique\",\"breadcrumb\":{\"@id\":\"https:\/\/blog.nautal.com\/fr\/le-parc-national-des-calanques-2\/#breadcrumb\"},\"inLanguage\":\"fr-FR\",\"potentialAction\":[{\"@type\":\"ReadAction\",\"target\":[\"https:\/\/blog.nautal.com\/fr\/le-parc-national-des-calanques-2\/\"]}]},{\"@type\":\"BreadcrumbList\",\"@id\":\"https:\/\/blog.nautal.com\/fr\/le-parc-national-des-calanques-2\/#breadcrumb\",\"itemListElement\":[{\"@type\":\"ListItem\",\"position\":1,\"name\":\"Homepage\",\"item\":\"https:\/\/blog.nautal.com\/fr\/\"},{\"@type\":\"ListItem\",\"position\":2,\"name\":\"Le parc National des calanques\"}]},{\"@type\":\"WebSite\",\"@id\":\"https:\/\/blog.nautal.com\/fr\/#website\",\"url\":\"https:\/\/blog.nautal.com\/fr\/\",\"name\":\"Le blog de Nautal | Toute l&#039;information autour de la location de bateau\",\"description\":\"Maintenant, naviguer est \u00e0 la port\u00e9e de tous !\",\"publisher\":{\"@id\":\"https:\/\/blog.nautal.com\/fr\/#organization\"},\"potentialAction\":[{\"@type\":\"SearchAction\",\"target\":{\"@type\":\"EntryPoint\",\"urlTemplate\":\"https:\/\/blog.nautal.com\/fr\/?s={search_term_string}\"},\"query-input\":\"required name=search_term_string\"}],\"inLanguage\":\"fr-FR\"},{\"@type\":\"Organization\",\"@id\":\"https:\/\/blog.nautal.com\/fr\/#organization\",\"name\":\"Le blog de Nautal | Toute l&#039;information autour de la location de bateau\",\"alternateName\":\"Nautal\",\"url\":\"https:\/\/blog.nautal.com\/fr\/\",\"logo\":{\"@type\":\"ImageObject\",\"inLanguage\":\"fr-FR\",\"@id\":\"https:\/\/blog.nautal.com\/fr\/#\/schema\/logo\/image\/\",\"url\":\"https:\/\/blog.nautal.com\/fr\/wp-content\/uploads\/2022\/11\/Logo-Nautal.png\",\"contentUrl\":\"https:\/\/blog.nautal.com\/fr\/wp-content\/uploads\/2022\/11\/Logo-Nautal.png\",\"width\":2142,\"height\":420,\"caption\":\"Le blog de Nautal | Toute l&#039;information autour de la location de bateau\"},\"image\":{\"@id\":\"https:\/\/blog.nautal.com\/fr\/#\/schema\/logo\/image\/\"},\"sameAs\":[\"http:\/\/clickandboat\",\"https:\/\/www.linkedin.com\/company\/5109175?trk=prof-exp-company-name\",\"https:\/\/www.pinterest.com\/clickandboat\/\",\"https:\/\/www.youtube.com\/channel\/UCkeHDxXX7qQETPMQgFZ7Lqw\",\"https:\/\/www.facebook.com\/ClickandboatEN\/\",\"https:\/\/twitter.com\/ClickandBoat\"]},{\"@type\":\"Person\",\"@id\":\"https:\/\/blog.nautal.com\/fr\/#\/schema\/person\/e93f117405448e29d9de240b468df13f\",\"name\":\"Bastien\",\"image\":{\"@type\":\"ImageObject\",\"inLanguage\":\"fr-FR\",\"@id\":\"https:\/\/blog.nautal.com\/fr\/#\/schema\/person\/image\/\",\"url\":\"https:\/\/secure.gravatar.com\/avatar\/90b64dfa7d883985b332b007ed4698ea?s=96&d=mm&r=g\",\"contentUrl\":\"https:\/\/secure.gravatar.com\/avatar\/90b64dfa7d883985b332b007ed4698ea?s=96&d=mm&r=g\",\"caption\":\"Bastien\"}}]}<\/script>\n<!-- \/ Yoast SEO plugin. -->","yoast_head_json":{"title":"Le parc National des calanques - Blog Nautal","description":"La s\u00e9lection Nautal des plus belles calanques situ\u00e9es entre Marseille et Cassis. Laissez-vous guider dans ce paysage magnifique","robots":{"index":"index","follow":"follow","max-snippet":"max-snippet:-1","max-image-preview":"max-image-preview:large","max-video-preview":"max-video-preview:-1"},"canonical":"https:\/\/blog.nautal.com\/fr\/le-parc-national-des-calanques-2\/","og_locale":"fr_FR","og_type":"article","og_title":"Le parc National des calanques - Blog Nautal","og_description":"La s\u00e9lection Nautal des plus belles calanques situ\u00e9es entre Marseille et Cassis. Laissez-vous guider dans ce paysage magnifique","og_url":"https:\/\/blog.nautal.com\/fr\/le-parc-national-des-calanques-2\/","og_site_name":"Le blog de Nautal | Toute l&#039;information autour de la location de bateau","article_publisher":"https:\/\/www.facebook.com\/ClickandboatEN\/","article_published_time":"2015-07-24T07:42:24+00:00","article_modified_time":"2023-02-27T17:09:05+00:00","og_image":[{"width":700,"height":333,"url":"https:\/\/blog.nautal.com\/fr\/wp-content\/uploads\/2015\/07\/Calanque_de_Sormiou-Cassis-2.jpg","type":"image\/jpeg"}],"author":"Bastien","twitter_card":"summary_large_image","twitter_creator":"@ClickandBoat","twitter_site":"@ClickandBoat","twitter_misc":{"Written by":"Bastien","Est. reading time":"6 minutes"},"schema":{"@context":"https:\/\/schema.org","@graph":[{"@type":"Article","@id":"https:\/\/blog.nautal.com\/fr\/le-parc-national-des-calanques-2\/#article","isPartOf":{"@id":"https:\/\/blog.nautal.com\/fr\/le-parc-national-des-calanques-2\/"},"author":{"name":"Bastien","@id":"https:\/\/blog.nautal.com\/fr\/#\/schema\/person\/e93f117405448e29d9de240b468df13f"},"headline":"Le parc National des calanques","datePublished":"2015-07-24T07:42:24+00:00","dateModified":"2023-02-27T17:09:05+00:00","mainEntityOfPage":{"@id":"https:\/\/blog.nautal.com\/fr\/le-parc-national-des-calanques-2\/"},"wordCount":716,"commentCount":0,"publisher":{"@id":"https:\/\/blog.nautal.com\/fr\/#organization"},"articleSection":["Destinations &amp; Itin\u00e9raires"],"inLanguage":"fr-FR","potentialAction":[{"@type":"CommentAction","name":"Comment","target":["https:\/\/blog.nautal.com\/fr\/le-parc-national-des-calanques-2\/#respond"]}]},{"@type":"WebPage","@id":"https:\/\/blog.nautal.com\/fr\/le-parc-national-des-calanques-2\/","url":"https:\/\/blog.nautal.com\/fr\/le-parc-national-des-calanques-2\/","name":"Le parc National des calanques - Blog Nautal","isPartOf":{"@id":"https:\/\/blog.nautal.com\/fr\/#website"},"datePublished":"2015-07-24T07:42:24+00:00","dateModified":"2023-02-27T17:09:05+00:00","description":"La s\u00e9lection Nautal des plus belles calanques situ\u00e9es entre Marseille et Cassis. Laissez-vous guider dans ce paysage magnifique","breadcrumb":{"@id":"https:\/\/blog.nautal.com\/fr\/le-parc-national-des-calanques-2\/#breadcrumb"},"inLanguage":"fr-FR","potentialAction":[{"@type":"ReadAction","target":["https:\/\/blog.nautal.com\/fr\/le-parc-national-des-calanques-2\/"]}]},{"@type":"BreadcrumbList","@id":"https:\/\/blog.nautal.com\/fr\/le-parc-national-des-calanques-2\/#breadcrumb","itemListElement":[{"@type":"ListItem","position":1,"name":"Homepage","item":"https:\/\/blog.nautal.com\/fr\/"},{"@type":"ListItem","position":2,"name":"Le parc National des calanques"}]},{"@type":"WebSite","@id":"https:\/\/blog.nautal.com\/fr\/#website","url":"https:\/\/blog.nautal.com\/fr\/","name":"Le blog de Nautal | Toute l&#039;information autour de la location de bateau","description":"Maintenant, naviguer est \u00e0 la port\u00e9e de tous !","publisher":{"@id":"https:\/\/blog.nautal.com\/fr\/#organization"},"potentialAction":[{"@type":"SearchAction","target":{"@type":"EntryPoint","urlTemplate":"https:\/\/blog.nautal.com\/fr\/?s={search_term_string}"},"query-input":"required name=search_term_string"}],"inLanguage":"fr-FR"},{"@type":"Organization","@id":"https:\/\/blog.nautal.com\/fr\/#organization","name":"Le blog de Nautal | Toute l&#039;information autour de la location de bateau","alternateName":"Nautal","url":"https:\/\/blog.nautal.com\/fr\/","logo":{"@type":"ImageObject","inLanguage":"fr-FR","@id":"https:\/\/blog.nautal.com\/fr\/#\/schema\/logo\/image\/","url":"https:\/\/blog.nautal.com\/fr\/wp-content\/uploads\/2022\/11\/Logo-Nautal.png","contentUrl":"https:\/\/blog.nautal.com\/fr\/wp-content\/uploads\/2022\/11\/Logo-Nautal.png","width":2142,"height":420,"caption":"Le blog de Nautal | Toute l&#039;information autour de la location de bateau"},"image":{"@id":"https:\/\/blog.nautal.com\/fr\/#\/schema\/logo\/image\/"},"sameAs":["http:\/\/clickandboat","https:\/\/www.linkedin.com\/company\/5109175?trk=prof-exp-company-name","https:\/\/www.pinterest.com\/clickandboat\/","https:\/\/www.youtube.com\/channel\/UCkeHDxXX7qQETPMQgFZ7Lqw","https:\/\/www.facebook.com\/ClickandboatEN\/","https:\/\/twitter.com\/ClickandBoat"]},{"@type":"Person","@id":"https:\/\/blog.nautal.com\/fr\/#\/schema\/person\/e93f117405448e29d9de240b468df13f","name":"Bastien","image":{"@type":"ImageObject","inLanguage":"fr-FR","@id":"https:\/\/blog.nautal.com\/fr\/#\/schema\/person\/image\/","url":"https:\/\/secure.gravatar.com\/avatar\/90b64dfa7d883985b332b007ed4698ea?s=96&d=mm&r=g","contentUrl":"https:\/\/secure.gravatar.com\/avatar\/90b64dfa7d883985b332b007ed4698ea?s=96&d=mm&r=g","caption":"Bastien"}}]}},"_links":{"self":[{"href":"https:\/\/blog.nautal.com\/fr\/wp-json\/wp\/v2\/posts\/589"}],"collection":[{"href":"https:\/\/blog.nautal.com\/fr\/wp-json\/wp\/v2\/posts"}],"about":[{"href":"https:\/\/blog.nautal.com\/fr\/wp-json\/wp\/v2\/types\/post"}],"author":[{"embeddable":true,"href":"https:\/\/blog.nautal.com\/fr\/wp-json\/wp\/v2\/users\/34"}],"replies":[{"embeddable":true,"href":"https:\/\/blog.nautal.com\/fr\/wp-json\/wp\/v2\/comments?post=589"}],"version-history":[{"count":2,"href":"https:\/\/blog.nautal.com\/fr\/wp-json\/wp\/v2\/posts\/589\/revisions"}],"predecessor-version":[{"id":5241,"href":"https:\/\/blog.nautal.com\/fr\/wp-json\/wp\/v2\/posts\/589\/revisions\/5241"}],"wp:featuredmedia":[{"embeddable":true,"href":"https:\/\/blog.nautal.com\/fr\/wp-json\/wp\/v2\/media\/1686"}],"wp:attachment":[{"href":"https:\/\/blog.nautal.com\/fr\/wp-json\/wp\/v2\/media?parent=589"}],"wp:term":[{"taxonomy":"category","embeddable":true,"href":"https:\/\/blog.nautal.com\/fr\/wp-json\/wp\/v2\/categories?post=589"},{"taxonomy":"post_tag","embeddable":true,"href":"https:\/\/blog.nautal.com\/fr\/wp-json\/wp\/v2\/tags?post=589"}],"curies":[{"name":"wp","href":"https:\/\/api.w.org\/{rel}","templated":true}]}}