{"id":4484,"date":"2021-06-25T15:43:18","date_gmt":"2021-06-25T14:43:18","guid":{"rendered":"https:\/\/https:\/\/blog.nautal.com\/fr\/?p=4484"},"modified":"2023-02-27T14:22:08","modified_gmt":"2023-02-27T13:22:08","slug":"vacances-europe","status":"publish","type":"post","link":"https:\/\/blog.nautal.com\/fr\/vacances-europe\/","title":{"rendered":"Vacances en Europe : ce qu\u2019il faut savoir sur les restrictions mises en place"},"content":{"rendered":"\n<p>Vous souhaitez passer vos vacances en Europe ? Renseignez-vous sur les conditions de voyages et les restrictions  mises en place par chaque gouvernement. Nautal vous fait part des principales mesures en vigueur le 25 juin 2021.<\/p>\n\n\n\n<div id=\"ez-toc-container\" class=\"ez-toc-v2_0_57_1 counter-hierarchy ez-toc-counter ez-toc-grey ez-toc-container-direction\">\n<div class=\"ez-toc-title-container\">\n<p class=\"ez-toc-title \" >Sommaire<\/p>\n<span class=\"ez-toc-title-toggle\"><a href=\"#\" class=\"ez-toc-pull-right ez-toc-btn ez-toc-btn-xs ez-toc-btn-default ez-toc-toggle\" aria-label=\"Toggle Table of Content\" role=\"button\"><label for=\"item-69ef18ae8ad24\" ><span class=\"\"><span style=\"display:none;\">Toggle<\/span><span class=\"ez-toc-icon-toggle-span\"><svg style=\"fill: #999;color:#999\" xmlns=\"http:\/\/www.w3.org\/2000\/svg\" class=\"list-377408\" width=\"20px\" height=\"20px\" viewBox=\"0 0 24 24\" fill=\"none\"><path d=\"M6 6H4v2h2V6zm14 0H8v2h12V6zM4 11h2v2H4v-2zm16 0H8v2h12v-2zM4 16h2v2H4v-2zm16 0H8v2h12v-2z\" fill=\"currentColor\"><\/path><\/svg><svg style=\"fill: #999;color:#999\" class=\"arrow-unsorted-368013\" xmlns=\"http:\/\/www.w3.org\/2000\/svg\" width=\"10px\" height=\"10px\" viewBox=\"0 0 24 24\" version=\"1.2\" baseProfile=\"tiny\"><path d=\"M18.2 9.3l-6.2-6.3-6.2 6.3c-.2.2-.3.4-.3.7s.1.5.3.7c.2.2.4.3.7.3h11c.3 0 .5-.1.7-.3.2-.2.3-.5.3-.7s-.1-.5-.3-.7zM5.8 14.7l6.2 6.3 6.2-6.3c.2-.2.3-.5.3-.7s-.1-.5-.3-.7c-.2-.2-.4-.3-.7-.3h-11c-.3 0-.5.1-.7.3-.2.2-.3.5-.3.7s.1.5.3.7z\"\/><\/svg><\/span><\/span><\/label><input aria-label=\"Toggle\" aria-label=\"item-69ef18ae8ad24\"  type=\"checkbox\" id=\"item-69ef18ae8ad24\"><\/a><\/span><\/div>\n<nav><ul class='ez-toc-list ez-toc-list-level-1 ' ><li class='ez-toc-page-1 ez-toc-heading-level-3'><a class=\"ez-toc-link ez-toc-heading-1\" href=\"https:\/\/blog.nautal.com\/fr\/vacances-europe\/#Les_destinations_pour_vos_vacances_en_Europe\" title=\"Les destinations pour vos vacances en Europe\">Les destinations pour vos vacances en Europe<\/a><\/li><li class='ez-toc-page-1 ez-toc-heading-level-3'><a class=\"ez-toc-link ez-toc-heading-2\" href=\"https:\/\/blog.nautal.com\/fr\/vacances-europe\/#LEspagne\" title=\"L\u2019Espagne&nbsp;\">L\u2019Espagne&nbsp;<\/a><\/li><li class='ez-toc-page-1 ez-toc-heading-level-3'><a class=\"ez-toc-link ez-toc-heading-3\" href=\"https:\/\/blog.nautal.com\/fr\/vacances-europe\/#LItalie\" title=\"L\u2019Italie\">L\u2019Italie<\/a><\/li><li class='ez-toc-page-1 ez-toc-heading-level-3'><a class=\"ez-toc-link ez-toc-heading-4\" href=\"https:\/\/blog.nautal.com\/fr\/vacances-europe\/#La_Croatie\" title=\"La Croatie\">La Croatie<\/a><\/li><li class='ez-toc-page-1 ez-toc-heading-level-3'><a class=\"ez-toc-link ez-toc-heading-5\" href=\"https:\/\/blog.nautal.com\/fr\/vacances-europe\/#Le_Portugal\" title=\"Le Portugal\">Le Portugal<\/a><\/li><\/ul><\/nav><\/div>\n<h3><span class=\"ez-toc-section\" id=\"Les_destinations_pour_vos_vacances_en_Europe\"><\/span>Les destinations pour vos vacances en Europe<span class=\"ez-toc-section-end\"><\/span><\/h3>\n\n\n\n<h3><span class=\"ez-toc-section\" id=\"LEspagne\"><\/span>L\u2019Espagne&nbsp;<span class=\"ez-toc-section-end\"><\/span><\/h3>\n\n\n\n<p>Si vous souhaitez vous rendre en <a href=\"https:\/\/www.nautal.fr\/location-bateau-espagne\"><strong>Espagne<\/strong><\/a> depuis la France, il vous faudra pr\u00e9senter un test NAAT ou un test antig\u00e9nique datant de 48h ou moins avant votre d\u00e9part, d\u2019un certificat de vaccination compl\u00e8te datant de 14 jours avant votre entr\u00e9e sur le territoire espagnol ou un certificat de r\u00e9tablissement du Covid-19. Vous devrez \u00e9galement pr\u00e9senter une autorisation d\u2019entr\u00e9e sur le territoire. Vous trouverez le formulaire sur le site <a href=\"https:\/\/www.spth.gob.es\/create\"><strong>Spain Health Travel<\/strong><\/a>.<\/p>\n\n\n\n<p>Une fois sur place, il faut bien \u00e9videmment respecter les restrictions en vigueur. Dans tout le pays, le port du masque est obligatoire pour les personnes de plus de 6 ans \u00e0 l\u2019int\u00e9rieur des \u00e9tablissements et \u00e0 l\u2019ext\u00e9rieur mais \u00e9galement en voiture lorsque les personnes ne r\u00e9sident pas dans le m\u00eame foyer. Il faut \u00e9galement respecter les gestes barri\u00e8res. N\u2019oubliez pas que certaines restrictions peuvent \u00eatre diff\u00e9rentes d\u2019une communaut\u00e9 autonome \u00e0 une autre. Par exemple, si vous voyagez sur la Costa Brava en Catalogne, vous aurez des mesures diff\u00e9rentes qu\u2019\u00e0 Malaga en Andalousie.&nbsp;<\/p>\n\n\n\n<p>En savoir plus : <a href=\"https:\/\/www.diplomatie.gouv.fr\/fr\/conseils-aux-voyageurs\/conseils-par-pays-destination\/espagne\/#\">https:\/\/www.diplomatie.gouv.fr\/fr\/conseils-aux-voyageurs\/conseils-par-pays-destination\/espagne\/#<\/a><\/p>\n\n\n\n<figure class=\"wp-block-image size-large\"><img decoding=\"async\" loading=\"lazy\" width=\"612\" height=\"408\" src=\"https:\/\/blog.nautal.com\/fr\/wp-content\/uploads\/2021\/06\/Costa-Brava-1.jpg\" alt=\"Destination de vacances en Europe\" class=\"wp-image-4485\" srcset=\"https:\/\/blog.nautal.com\/fr\/wp-content\/uploads\/2021\/06\/Costa-Brava-1.jpg 612w, https:\/\/blog.nautal.com\/fr\/wp-content\/uploads\/2021\/06\/Costa-Brava-1-320x213.jpg 320w, https:\/\/blog.nautal.com\/fr\/wp-content\/uploads\/2021\/06\/Costa-Brava-1-560x373.jpg 560w\" sizes=\"(max-width: 612px) 100vw, 612px\" \/><figcaption class=\"wp-element-caption\"> Costa Brava, Catalogne, Espagne<\/figcaption><\/figure>\n\n\n\n<h3><span class=\"ez-toc-section\" id=\"LItalie\"><\/span>L\u2019Italie<span class=\"ez-toc-section-end\"><\/span><\/h3>\n\n\n\n<p>Pour l\u2019<a href=\"https:\/\/www.nautal.fr\/location-bateau-italie\"><strong>Italie<\/strong><\/a>, tout comme pour l\u2019Espagne, il vous faudra pr\u00e9senter un test PCR ou antig\u00e9nique n\u00e9gatif de moins de 48h, un certificat de vaccination (avec la derni\u00e8re injection effectu\u00e9e 14 jours avant votre d\u00e9part) ou un certificat de gu\u00e9rison du virus. Munissez-vous \u00e9galement du <a href=\"https:\/\/app.euplf.eu\/#\/\"><strong>formulaire de localisation<\/strong><\/a> que vous devrez pr\u00e9senter \u00e0 votre entr\u00e9e sur le territoire.<\/p>\n\n\n\n<p>De par le d\u00e9cret-loi du du 26 avril au 31 juillet 2021, les r\u00e9gions italiennes sont divis\u00e9es en 4 zones : rouge, orange, jaune et blanche. Elles correspondent au degr\u00e9 de risque de la r\u00e9gion et influent sur les restrictions mises en place dans chacune d\u2019elles. A titre indicatif, la Sardaigne se trouve en zone blanche et repr\u00e9sente le niveau de risque le plus faible. Vous pourrez donc y passer vos vacances en Europe et explorer l\u2019\u00eele tout en&nbsp; longeant les c\u00f4tes des diff\u00e9rentes villes en bateau.&nbsp;<\/p>\n\n\n\n<p>En savoir plus : <a href=\"https:\/\/www.diplomatie.gouv.fr\/fr\/conseils-aux-voyageurs\/conseils-par-pays-destination\/italie\/\">https:\/\/www.diplomatie.gouv.fr\/fr\/conseils-aux-voyageurs\/conseils-par-pays-destination\/italie\/<\/a><\/p>\n\n\n\n<figure class=\"wp-block-image size-large\"><img decoding=\"async\" loading=\"lazy\" width=\"612\" height=\"459\" src=\"https:\/\/blog.nautal.com\/fr\/wp-content\/uploads\/2021\/06\/Sardaigne-1.jpg\" alt=\"Vacances en Europe : Sardaigne\" class=\"wp-image-4486\" srcset=\"https:\/\/blog.nautal.com\/fr\/wp-content\/uploads\/2021\/06\/Sardaigne-1.jpg 612w, https:\/\/blog.nautal.com\/fr\/wp-content\/uploads\/2021\/06\/Sardaigne-1-320x240.jpg 320w, https:\/\/blog.nautal.com\/fr\/wp-content\/uploads\/2021\/06\/Sardaigne-1-560x420.jpg 560w\" sizes=\"(max-width: 612px) 100vw, 612px\" \/><figcaption class=\"wp-element-caption\">Sardaigne, Italie<\/figcaption><\/figure>\n\n\n\n<h3><span class=\"ez-toc-section\" id=\"La_Croatie\"><\/span>La Croatie<span class=\"ez-toc-section-end\"><\/span><\/h3>\n\n\n\n<p>Si vous souhaitez passer vos vacances en Europe en <a href=\"https:\/\/www.nautal.fr\/location-bateau-croatie\"><strong>Croatie<\/strong><\/a>, vous aurez besoin d\u2019un de ces documents : un test PCR n\u00e9gatif effectu\u00e9 72h pr\u00e9c\u00e9dant votre arriv\u00e9e, un test antig\u00e9nique n\u00e9gatif r\u00e9alis\u00e9 48h auparavant, un certificat de vaccination dont la derni\u00e8re injection a \u00e9t\u00e9 administr\u00e9 14 jours au pr\u00e9alable ou enfin d\u2019une preuve de gu\u00e9rison du Covid-19. Il vous est tout de m\u00eame possible de voyager dans le pays si vous vous isoler durant 10 jours \u00e0 votre arriv\u00e9e.&nbsp;<\/p>\n\n\n\n<p>Quant aux mesures sanitaires mises en place en Croatie: vous devez porter votre masque \u00e0 tout moment, respecter la distanciation sociale et ne pas assister \u00e0 des rassemblements de plus de 100 personnes. D\u2019autres restrictions peuvent \u00eatre mises en place en fonction du comitat dans lequel vous vous trouverez.<\/p>\n\n\n\n<p>En savoir plus : <a href=\"https:\/\/www.diplomatie.gouv.fr\/fr\/conseils-aux-voyageurs\/conseils-par-pays-destination\/croatie\/#\">https:\/\/www.diplomatie.gouv.fr\/fr\/conseils-aux-voyageurs\/conseils-par-pays-destination\/croatie\/#<\/a><\/p>\n\n\n\n<figure class=\"wp-block-image size-large\"><img decoding=\"async\" loading=\"lazy\" width=\"612\" height=\"407\" src=\"https:\/\/blog.nautal.com\/fr\/wp-content\/uploads\/2021\/06\/Croatie-1.jpg\" alt=\"Croatie, vacances en Europe\" class=\"wp-image-4487\" srcset=\"https:\/\/blog.nautal.com\/fr\/wp-content\/uploads\/2021\/06\/Croatie-1.jpg 612w, https:\/\/blog.nautal.com\/fr\/wp-content\/uploads\/2021\/06\/Croatie-1-320x213.jpg 320w, https:\/\/blog.nautal.com\/fr\/wp-content\/uploads\/2021\/06\/Croatie-1-560x372.jpg 560w\" sizes=\"(max-width: 612px) 100vw, 612px\" \/><figcaption class=\"wp-element-caption\">Split, Croatie<\/figcaption><\/figure>\n\n\n\n<h3><span class=\"ez-toc-section\" id=\"Le_Portugal\"><\/span>Le Portugal<span class=\"ez-toc-section-end\"><\/span><\/h3>\n\n\n\n<p>Enfin, si vous souhaitez voyager au <a href=\"https:\/\/www.nautal.fr\/location-bateau-portugal\"><strong>Portugal<\/strong><\/a>, il vous faudra un test PCR n\u00e9gatif r\u00e9alis\u00e9 72h avant votre vol ou un test antig\u00e9nique effectu\u00e9 dans les 24h avant l\u2019embarquement. De plus, \u00e0 votre arriv\u00e9e au Portugal vous serez soumis \u00e0 une prise de temp\u00e9rature \u00e0 l\u2019a\u00e9roport. Vous devrez \u00e9galement montrer le <a href=\"https:\/\/pt.ambafrance.org\/IMG\/pdf\/cartao_de_localizacao_de_passageiro_-_portugal-passenger-locator-card_1_-2.pdf?8279\/4f32a97636c0d1d94b4a42a89c4eb9d3c3a7b852\"><strong>formulaire<\/strong><\/a> de localisation des passagers.<\/p>\n\n\n\n<p>Le Portugal \u00e9tant en phase de d\u00e9confinement progressif, les restrictions sont constamment en changement. Nous vous recommandons donc de consulter r\u00e9guli\u00e8rement le site de la <a href=\"https:\/\/covid19.min-saude.pt\/\"><strong>direction g\u00e9n\u00e9rale de la sant\u00e9<\/strong><\/a> afin de rester inform\u00e9 sur la situation sanitaire du pays.<\/p>\n\n\n\n<p>En savoir plus : <a href=\"https:\/\/www.diplomatie.gouv.fr\/fr\/conseils-aux-voyageurs\/conseils-par-pays-destination\/portugal\/#\">https:\/\/www.diplomatie.gouv.fr\/fr\/conseils-aux-voyageurs\/conseils-par-pays-destination\/portugal\/#<\/a><\/p>\n\n\n\n<figure class=\"wp-block-image size-large\"><img decoding=\"async\" loading=\"lazy\" width=\"612\" height=\"417\" src=\"https:\/\/blog.nautal.com\/fr\/wp-content\/uploads\/2021\/06\/Portugal-1-1.jpg\" alt=\"Vacances en Europe\" class=\"wp-image-4489\" srcset=\"https:\/\/blog.nautal.com\/fr\/wp-content\/uploads\/2021\/06\/Portugal-1-1.jpg 612w, https:\/\/blog.nautal.com\/fr\/wp-content\/uploads\/2021\/06\/Portugal-1-1-320x218.jpg 320w, https:\/\/blog.nautal.com\/fr\/wp-content\/uploads\/2021\/06\/Portugal-1-1-560x382.jpg 560w\" sizes=\"(max-width: 612px) 100vw, 612px\" \/><figcaption class=\"wp-element-caption\"> Ile de Mad\u00e8re, Portugal<\/figcaption><\/figure>\n\n\n\n<p>Nous esp\u00e9rons que cet article vous a \u00e9t\u00e9 utile et vous permettra de planifier vos prochaines vacances en Europe. Si vous souhaitez avoir des informations sur d\u2019autres pays, consultez le site du <strong><a rel=\"noreferrer noopener\" href=\"https:\/\/www.diplomatie.gouv.fr\/fr\/conseils-aux-voyageurs\/conseils-par-pays-destination\/\" target=\"_blank\">minist\u00e8re de l\u2019Europe et des Affaires \u00e9trang\u00e8res.<\/a><\/strong><\/p>\n\n\n\n<p><\/p>\n","protected":false},"excerpt":{"rendered":"<div class=\"post-excerpt\">Vous souhaitez passer vos vacances en Europe ? Renseignez-vous sur les conditions de voyages et les restrictions mises en place par chaque gouvernement. Nautal vous fait part des principales mesures&hellip;<\/div>\n<div class=\"post-more\"><a href=\"https:\/\/blog.nautal.com\/fr\/vacances-europe\/\" class=\"button button-primary button-effect\"><span>EN SAVOIR PLUS<\/span><span><i class=\"cs-icon cs-icon-arrow-right\"><\/i><\/span><\/a><\/div>\n","protected":false},"author":34,"featured_media":4220,"comment_status":"open","ping_status":"open","sticky":false,"template":"","format":"standard","meta":[],"categories":[2],"tags":[],"yoast_head":"<!-- This site is optimized with the Yoast SEO plugin v19.10 - https:\/\/yoast.com\/wordpress\/plugins\/seo\/ -->\n<title>Vacances en Europe : les restrictions mises en place - Blog Nautal<\/title>\n<meta name=\"description\" content=\"Renseignez-vous sur les mesures prises dans les destinations de vacances en Europe pour lutter contre le Covid-19.\" \/>\n<meta name=\"robots\" content=\"index, follow, max-snippet:-1, max-image-preview:large, max-video-preview:-1\" \/>\n<link rel=\"canonical\" href=\"https:\/\/blog.nautal.com\/fr\/vacances-europe\/\" \/>\n<meta property=\"og:locale\" content=\"fr_FR\" \/>\n<meta property=\"og:type\" content=\"article\" \/>\n<meta property=\"og:title\" content=\"Vacances en Europe : les restrictions mises en place - Blog Nautal\" \/>\n<meta property=\"og:description\" content=\"Renseignez-vous sur les mesures prises dans les destinations de vacances en Europe pour lutter contre le Covid-19.\" \/>\n<meta property=\"og:url\" content=\"https:\/\/blog.nautal.com\/fr\/vacances-europe\/\" \/>\n<meta property=\"og:site_name\" content=\"Le blog de Nautal | Toute l&#039;information autour de la location de bateau\" \/>\n<meta property=\"article:publisher\" content=\"https:\/\/www.facebook.com\/ClickandboatEN\/\" \/>\n<meta property=\"article:published_time\" content=\"2021-06-25T14:43:18+00:00\" \/>\n<meta property=\"article:modified_time\" content=\"2023-02-27T13:22:08+00:00\" \/>\n<meta property=\"og:image\" content=\"https:\/\/blog.nautal.com\/fr\/wp-content\/uploads\/2020\/11\/Antibes-en-bateau-3.jpg\" \/>\n\t<meta property=\"og:image:width\" content=\"2050\" \/>\n\t<meta property=\"og:image:height\" content=\"780\" \/>\n\t<meta property=\"og:image:type\" content=\"image\/jpeg\" \/>\n<meta name=\"author\" content=\"Bastien\" \/>\n<meta name=\"twitter:card\" content=\"summary_large_image\" \/>\n<meta name=\"twitter:creator\" content=\"@ClickandBoat\" \/>\n<meta name=\"twitter:site\" content=\"@ClickandBoat\" \/>\n<meta name=\"twitter:label1\" content=\"Written by\" \/>\n\t<meta name=\"twitter:data1\" content=\"Bastien\" \/>\n\t<meta name=\"twitter:label2\" content=\"Est. reading time\" \/>\n\t<meta name=\"twitter:data2\" content=\"5 minutes\" \/>\n<script type=\"application\/ld+json\" class=\"yoast-schema-graph\">{\"@context\":\"https:\/\/schema.org\",\"@graph\":[{\"@type\":\"Article\",\"@id\":\"https:\/\/blog.nautal.com\/fr\/vacances-europe\/#article\",\"isPartOf\":{\"@id\":\"https:\/\/blog.nautal.com\/fr\/vacances-europe\/\"},\"author\":{\"name\":\"Bastien\",\"@id\":\"https:\/\/blog.nautal.com\/fr\/#\/schema\/person\/e93f117405448e29d9de240b468df13f\"},\"headline\":\"Vacances en Europe : ce qu\u2019il faut savoir sur les restrictions mises en place\",\"datePublished\":\"2021-06-25T14:43:18+00:00\",\"dateModified\":\"2023-02-27T13:22:08+00:00\",\"mainEntityOfPage\":{\"@id\":\"https:\/\/blog.nautal.com\/fr\/vacances-europe\/\"},\"wordCount\":752,\"commentCount\":0,\"publisher\":{\"@id\":\"https:\/\/blog.nautal.com\/fr\/#organization\"},\"articleSection\":[\"Conseils de navigation\"],\"inLanguage\":\"fr-FR\",\"potentialAction\":[{\"@type\":\"CommentAction\",\"name\":\"Comment\",\"target\":[\"https:\/\/blog.nautal.com\/fr\/vacances-europe\/#respond\"]}]},{\"@type\":\"WebPage\",\"@id\":\"https:\/\/blog.nautal.com\/fr\/vacances-europe\/\",\"url\":\"https:\/\/blog.nautal.com\/fr\/vacances-europe\/\",\"name\":\"Vacances en Europe : les restrictions mises en place - Blog Nautal\",\"isPartOf\":{\"@id\":\"https:\/\/blog.nautal.com\/fr\/#website\"},\"datePublished\":\"2021-06-25T14:43:18+00:00\",\"dateModified\":\"2023-02-27T13:22:08+00:00\",\"description\":\"Renseignez-vous sur les mesures prises dans les destinations de vacances en Europe pour lutter contre le Covid-19.\",\"breadcrumb\":{\"@id\":\"https:\/\/blog.nautal.com\/fr\/vacances-europe\/#breadcrumb\"},\"inLanguage\":\"fr-FR\",\"potentialAction\":[{\"@type\":\"ReadAction\",\"target\":[\"https:\/\/blog.nautal.com\/fr\/vacances-europe\/\"]}]},{\"@type\":\"BreadcrumbList\",\"@id\":\"https:\/\/blog.nautal.com\/fr\/vacances-europe\/#breadcrumb\",\"itemListElement\":[{\"@type\":\"ListItem\",\"position\":1,\"name\":\"Homepage\",\"item\":\"https:\/\/blog.nautal.com\/fr\/\"},{\"@type\":\"ListItem\",\"position\":2,\"name\":\"Vacances en Europe : ce qu\u2019il faut savoir sur les restrictions mises en place\"}]},{\"@type\":\"WebSite\",\"@id\":\"https:\/\/blog.nautal.com\/fr\/#website\",\"url\":\"https:\/\/blog.nautal.com\/fr\/\",\"name\":\"Le blog de Nautal | Toute l&#039;information autour de la location de bateau\",\"description\":\"Maintenant, naviguer est \u00e0 la port\u00e9e de tous !\",\"publisher\":{\"@id\":\"https:\/\/blog.nautal.com\/fr\/#organization\"},\"potentialAction\":[{\"@type\":\"SearchAction\",\"target\":{\"@type\":\"EntryPoint\",\"urlTemplate\":\"https:\/\/blog.nautal.com\/fr\/?s={search_term_string}\"},\"query-input\":\"required name=search_term_string\"}],\"inLanguage\":\"fr-FR\"},{\"@type\":\"Organization\",\"@id\":\"https:\/\/blog.nautal.com\/fr\/#organization\",\"name\":\"Le blog de Nautal | Toute l&#039;information autour de la location de bateau\",\"alternateName\":\"Nautal\",\"url\":\"https:\/\/blog.nautal.com\/fr\/\",\"logo\":{\"@type\":\"ImageObject\",\"inLanguage\":\"fr-FR\",\"@id\":\"https:\/\/blog.nautal.com\/fr\/#\/schema\/logo\/image\/\",\"url\":\"https:\/\/blog.nautal.com\/fr\/wp-content\/uploads\/2022\/11\/Logo-Nautal.png\",\"contentUrl\":\"https:\/\/blog.nautal.com\/fr\/wp-content\/uploads\/2022\/11\/Logo-Nautal.png\",\"width\":2142,\"height\":420,\"caption\":\"Le blog de Nautal | Toute l&#039;information autour de la location de bateau\"},\"image\":{\"@id\":\"https:\/\/blog.nautal.com\/fr\/#\/schema\/logo\/image\/\"},\"sameAs\":[\"http:\/\/clickandboat\",\"https:\/\/www.linkedin.com\/company\/5109175?trk=prof-exp-company-name\",\"https:\/\/www.pinterest.com\/clickandboat\/\",\"https:\/\/www.youtube.com\/channel\/UCkeHDxXX7qQETPMQgFZ7Lqw\",\"https:\/\/www.facebook.com\/ClickandboatEN\/\",\"https:\/\/twitter.com\/ClickandBoat\"]},{\"@type\":\"Person\",\"@id\":\"https:\/\/blog.nautal.com\/fr\/#\/schema\/person\/e93f117405448e29d9de240b468df13f\",\"name\":\"Bastien\",\"image\":{\"@type\":\"ImageObject\",\"inLanguage\":\"fr-FR\",\"@id\":\"https:\/\/blog.nautal.com\/fr\/#\/schema\/person\/image\/\",\"url\":\"https:\/\/secure.gravatar.com\/avatar\/90b64dfa7d883985b332b007ed4698ea?s=96&d=mm&r=g\",\"contentUrl\":\"https:\/\/secure.gravatar.com\/avatar\/90b64dfa7d883985b332b007ed4698ea?s=96&d=mm&r=g\",\"caption\":\"Bastien\"}}]}<\/script>\n<!-- \/ Yoast SEO plugin. -->","yoast_head_json":{"title":"Vacances en Europe : les restrictions mises en place - Blog Nautal","description":"Renseignez-vous sur les mesures prises dans les destinations de vacances en Europe pour lutter contre le Covid-19.","robots":{"index":"index","follow":"follow","max-snippet":"max-snippet:-1","max-image-preview":"max-image-preview:large","max-video-preview":"max-video-preview:-1"},"canonical":"https:\/\/blog.nautal.com\/fr\/vacances-europe\/","og_locale":"fr_FR","og_type":"article","og_title":"Vacances en Europe : les restrictions mises en place - Blog Nautal","og_description":"Renseignez-vous sur les mesures prises dans les destinations de vacances en Europe pour lutter contre le Covid-19.","og_url":"https:\/\/blog.nautal.com\/fr\/vacances-europe\/","og_site_name":"Le blog de Nautal | Toute l&#039;information autour de la location de bateau","article_publisher":"https:\/\/www.facebook.com\/ClickandboatEN\/","article_published_time":"2021-06-25T14:43:18+00:00","article_modified_time":"2023-02-27T13:22:08+00:00","og_image":[{"width":2050,"height":780,"url":"https:\/\/blog.nautal.com\/fr\/wp-content\/uploads\/2020\/11\/Antibes-en-bateau-3.jpg","type":"image\/jpeg"}],"author":"Bastien","twitter_card":"summary_large_image","twitter_creator":"@ClickandBoat","twitter_site":"@ClickandBoat","twitter_misc":{"Written by":"Bastien","Est. reading time":"5 minutes"},"schema":{"@context":"https:\/\/schema.org","@graph":[{"@type":"Article","@id":"https:\/\/blog.nautal.com\/fr\/vacances-europe\/#article","isPartOf":{"@id":"https:\/\/blog.nautal.com\/fr\/vacances-europe\/"},"author":{"name":"Bastien","@id":"https:\/\/blog.nautal.com\/fr\/#\/schema\/person\/e93f117405448e29d9de240b468df13f"},"headline":"Vacances en Europe : ce qu\u2019il faut savoir sur les restrictions mises en place","datePublished":"2021-06-25T14:43:18+00:00","dateModified":"2023-02-27T13:22:08+00:00","mainEntityOfPage":{"@id":"https:\/\/blog.nautal.com\/fr\/vacances-europe\/"},"wordCount":752,"commentCount":0,"publisher":{"@id":"https:\/\/blog.nautal.com\/fr\/#organization"},"articleSection":["Conseils de navigation"],"inLanguage":"fr-FR","potentialAction":[{"@type":"CommentAction","name":"Comment","target":["https:\/\/blog.nautal.com\/fr\/vacances-europe\/#respond"]}]},{"@type":"WebPage","@id":"https:\/\/blog.nautal.com\/fr\/vacances-europe\/","url":"https:\/\/blog.nautal.com\/fr\/vacances-europe\/","name":"Vacances en Europe : les restrictions mises en place - Blog Nautal","isPartOf":{"@id":"https:\/\/blog.nautal.com\/fr\/#website"},"datePublished":"2021-06-25T14:43:18+00:00","dateModified":"2023-02-27T13:22:08+00:00","description":"Renseignez-vous sur les mesures prises dans les destinations de vacances en Europe pour lutter contre le Covid-19.","breadcrumb":{"@id":"https:\/\/blog.nautal.com\/fr\/vacances-europe\/#breadcrumb"},"inLanguage":"fr-FR","potentialAction":[{"@type":"ReadAction","target":["https:\/\/blog.nautal.com\/fr\/vacances-europe\/"]}]},{"@type":"BreadcrumbList","@id":"https:\/\/blog.nautal.com\/fr\/vacances-europe\/#breadcrumb","itemListElement":[{"@type":"ListItem","position":1,"name":"Homepage","item":"https:\/\/blog.nautal.com\/fr\/"},{"@type":"ListItem","position":2,"name":"Vacances en Europe : ce qu\u2019il faut savoir sur les restrictions mises en place"}]},{"@type":"WebSite","@id":"https:\/\/blog.nautal.com\/fr\/#website","url":"https:\/\/blog.nautal.com\/fr\/","name":"Le blog de Nautal | Toute l&#039;information autour de la location de bateau","description":"Maintenant, naviguer est \u00e0 la port\u00e9e de tous !","publisher":{"@id":"https:\/\/blog.nautal.com\/fr\/#organization"},"potentialAction":[{"@type":"SearchAction","target":{"@type":"EntryPoint","urlTemplate":"https:\/\/blog.nautal.com\/fr\/?s={search_term_string}"},"query-input":"required name=search_term_string"}],"inLanguage":"fr-FR"},{"@type":"Organization","@id":"https:\/\/blog.nautal.com\/fr\/#organization","name":"Le blog de Nautal | Toute l&#039;information autour de la location de bateau","alternateName":"Nautal","url":"https:\/\/blog.nautal.com\/fr\/","logo":{"@type":"ImageObject","inLanguage":"fr-FR","@id":"https:\/\/blog.nautal.com\/fr\/#\/schema\/logo\/image\/","url":"https:\/\/blog.nautal.com\/fr\/wp-content\/uploads\/2022\/11\/Logo-Nautal.png","contentUrl":"https:\/\/blog.nautal.com\/fr\/wp-content\/uploads\/2022\/11\/Logo-Nautal.png","width":2142,"height":420,"caption":"Le blog de Nautal | Toute l&#039;information autour de la location de bateau"},"image":{"@id":"https:\/\/blog.nautal.com\/fr\/#\/schema\/logo\/image\/"},"sameAs":["http:\/\/clickandboat","https:\/\/www.linkedin.com\/company\/5109175?trk=prof-exp-company-name","https:\/\/www.pinterest.com\/clickandboat\/","https:\/\/www.youtube.com\/channel\/UCkeHDxXX7qQETPMQgFZ7Lqw","https:\/\/www.facebook.com\/ClickandboatEN\/","https:\/\/twitter.com\/ClickandBoat"]},{"@type":"Person","@id":"https:\/\/blog.nautal.com\/fr\/#\/schema\/person\/e93f117405448e29d9de240b468df13f","name":"Bastien","image":{"@type":"ImageObject","inLanguage":"fr-FR","@id":"https:\/\/blog.nautal.com\/fr\/#\/schema\/person\/image\/","url":"https:\/\/secure.gravatar.com\/avatar\/90b64dfa7d883985b332b007ed4698ea?s=96&d=mm&r=g","contentUrl":"https:\/\/secure.gravatar.com\/avatar\/90b64dfa7d883985b332b007ed4698ea?s=96&d=mm&r=g","caption":"Bastien"}}]}},"_links":{"self":[{"href":"https:\/\/blog.nautal.com\/fr\/wp-json\/wp\/v2\/posts\/4484"}],"collection":[{"href":"https:\/\/blog.nautal.com\/fr\/wp-json\/wp\/v2\/posts"}],"about":[{"href":"https:\/\/blog.nautal.com\/fr\/wp-json\/wp\/v2\/types\/post"}],"author":[{"embeddable":true,"href":"https:\/\/blog.nautal.com\/fr\/wp-json\/wp\/v2\/users\/34"}],"replies":[{"embeddable":true,"href":"https:\/\/blog.nautal.com\/fr\/wp-json\/wp\/v2\/comments?post=4484"}],"version-history":[{"count":2,"href":"https:\/\/blog.nautal.com\/fr\/wp-json\/wp\/v2\/posts\/4484\/revisions"}],"predecessor-version":[{"id":5184,"href":"https:\/\/blog.nautal.com\/fr\/wp-json\/wp\/v2\/posts\/4484\/revisions\/5184"}],"wp:featuredmedia":[{"embeddable":true,"href":"https:\/\/blog.nautal.com\/fr\/wp-json\/wp\/v2\/media\/4220"}],"wp:attachment":[{"href":"https:\/\/blog.nautal.com\/fr\/wp-json\/wp\/v2\/media?parent=4484"}],"wp:term":[{"taxonomy":"category","embeddable":true,"href":"https:\/\/blog.nautal.com\/fr\/wp-json\/wp\/v2\/categories?post=4484"},{"taxonomy":"post_tag","embeddable":true,"href":"https:\/\/blog.nautal.com\/fr\/wp-json\/wp\/v2\/tags?post=4484"}],"curies":[{"name":"wp","href":"https:\/\/api.w.org\/{rel}","templated":true}]}}