{"id":2938,"date":"2024-02-29T17:47:44","date_gmt":"2024-02-29T16:47:44","guid":{"rendered":"https:\/\/https:\/\/blog.nautal.com\/fr\/?p=2938"},"modified":"2024-02-29T17:47:46","modified_gmt":"2024-02-29T16:47:46","slug":"linterview-exclusive-dolivier-loueur-de-voilier-sur-la-cote-dazur","status":"publish","type":"post","link":"https:\/\/blog.nautal.com\/fr\/linterview-exclusive-dolivier-loueur-de-voilier-sur-la-cote-dazur\/","title":{"rendered":"L&rsquo;interview exclusive d&rsquo;Olivier, loueur de voilier sur la C\u00f4te d&rsquo;Azur"},"content":{"rendered":"\n<p><em>Pour vous, Nautal est all\u00e9 \u00e0 la rencontre d\u2019Olivier \u00e0 <a href=\"https:\/\/www.nautal.fr\/location-bateau-golfe-juan\" target=\"_blank\" rel=\"noopener noreferrer\">Golfe-Juan<\/a>, amoureux et fier propri\u00e9taire de <a href=\"https:\/\/www.nautal.fr\/louer-voilier-beneteau-oceanis-45-port-golfe-juan-golfe-juan-11307\" target=\"_blank\" rel=\"noopener noreferrer\">son bateau, un Oceanis 45 neuf<\/a>, en location sur <a href=\"https:\/\/www.nautal.fr\/\" target=\"_blank\" rel=\"noopener noreferrer\">notre plateforme en ligne<\/a>\u00a0! Nous lui avons donc pos\u00e9 toutes les questions que les locataires ont g\u00e9n\u00e9ralement avant de louer un bateau. Nous le remercions d\u2019avoir jou\u00e9 le jeu.<\/em><\/p>\n\n\n\n<!--more-->\n\n\n<div class=\"wp-block-image size-full wp-image-2949\">\n<figure class=\"aligncenter\"><img decoding=\"async\" loading=\"lazy\" width=\"868\" height=\"578\" src=\"https:\/\/blog.nautal.com\/fr\/wp-content\/uploads\/2017\/08\/68314-1.jpg\" alt=\"oceanis coucher soleil nautal\" class=\"wp-image-2949\" srcset=\"https:\/\/blog.nautal.com\/fr\/wp-content\/uploads\/2017\/08\/68314-1.jpg 868w, https:\/\/blog.nautal.com\/fr\/wp-content\/uploads\/2017\/08\/68314-1-800x533.jpg 800w, https:\/\/blog.nautal.com\/fr\/wp-content\/uploads\/2017\/08\/68314-1-320x213.jpg 320w, https:\/\/blog.nautal.com\/fr\/wp-content\/uploads\/2017\/08\/68314-1-560x373.jpg 560w\" sizes=\"(max-width: 868px) 100vw, 868px\" \/><figcaption class=\"wp-element-caption\">Magnifique Oceanis 45 d&rsquo;Olivier sur la plateforme Nautal<\/figcaption><\/figure><\/div>\n\n\n<h2>&nbsp;<\/h2>\n\n\n\n<p><span style=\"color: #339966;\"><strong>Nautal&nbsp;:<\/strong> Bonjour Olivier. Ravi de vous rencontrer aujourd\u2019hui. Cela fait maintenant quelques temps que vous collaborez avec nous. Qu\u2019est-ce qui vous a d\u00e9cid\u00e9 \u00e0 louer votre bateau&nbsp;? Qu\u2019est-ce qui vous a pouss\u00e9 \u00e0 cette collaboration&nbsp;?<\/span><\/p>\n\n\n\n<p><strong>Olivier\u00a0:<\/strong> Ce qui m\u2019a pouss\u00e9 \u00e0 louer mon bateau \u00e7a a \u00e9t\u00e9 de faire partager ma passion de la mer au sens large mais \u00e9galement l\u2019envie de mieux faire conna\u00eetre la voile au grand public. La premi\u00e8re location faite avec Nautal s\u2019est tr\u00e8s bien pass\u00e9e, tout \u00e9tait fait de mani\u00e8re professionnelle et cela m\u2019a donc incit\u00e9 \u00e0 continuer.<\/p>\n\n\n\n<p><span style=\"color: #339966;\"><strong>Nautal&nbsp;:<\/strong> Quelles sont les diff\u00e9rentes formules et services propos\u00e9s avec votre bateau&nbsp;?<\/span><\/p>\n\n\n\n<p><strong>Olivier&nbsp;:<\/strong> Nous proposons des sorties \u00e0 la journ\u00e9e, en soir\u00e9e comme par exemple, lors des Feux d\u2019artifices de juillet et ao\u00fbt, en week end ou \u00e0 la semaine de mani\u00e8re \u00e0 r\u00e9pondre aux go\u00fbts de toutes et tous.<\/p>\n\n\n\n<p><span style=\"color: #339966;\"><strong>Nautal&nbsp;:<\/strong> Le locataire du bateau doit-il se charger de la charge en carburant&nbsp;? Comment cela fonctionne ?<\/span><\/p>\n\n\n\n<p><strong>Olivier&nbsp;:<\/strong> Notre tarif inclut le gasoil. Il est vrai cependant que la grande majorit\u00e9 des loueurs le comptent \u00e0 part, en extra. Le tarif d\u00e9pend ensuite de la consommation du locataire du bateau.<br>L\u2019embarcation est g\u00e9n\u00e9ralement livr\u00e9e avec le plein d\u2019essence et il compte au locataire de le rendre avec le plein, tout comme pour une location de v\u00e9hicule.<\/p>\n\n\n\n<p><span style=\"color: #339966;\"><strong>N&nbsp;:<\/strong> Quelle distance respecter par rapport aux c\u00f4tes avec un tel bateau&nbsp;? Peut-on par exemple se rendre en Corse ?<\/span><\/p>\n\n\n\n<p><strong>O&nbsp;:<\/strong><a href=\"https:\/\/www.nautal.fr\/louer-voilier-beneteau-oceanis-45-port-golfe-juan-golfe-juan-11307\" target=\"_blank\" rel=\"noopener noreferrer\"> Notre bateau<\/a> est \u00e9quip\u00e9 pour la navigation hauturi\u00e8re. On peut donc se rendre en Corse. Ayant r\u00e9sid\u00e9 20 Ans en <a href=\"https:\/\/www.nautal.fr\/location-bateau-corse\" target=\"_blank\" rel=\"noopener noreferrer\">Corse<\/a> et en ayant fait plus de 10 fois le tour, je pense d&rsquo;ailleurs pouvoir apporter une connaissance des plus beaux mouillages. Ce qui n\u2019est pas n\u00e9gligeable.<\/p>\n\n\n<div class=\"wp-block-image size-full wp-image-2952\">\n<figure class=\"aligncenter\"><img decoding=\"async\" loading=\"lazy\" width=\"868\" height=\"578\" src=\"https:\/\/blog.nautal.com\/fr\/wp-content\/uploads\/2017\/08\/255078-1.jpg\" alt=\"artifice cote azur voilier\" class=\"wp-image-2952\" srcset=\"https:\/\/blog.nautal.com\/fr\/wp-content\/uploads\/2017\/08\/255078-1.jpg 868w, https:\/\/blog.nautal.com\/fr\/wp-content\/uploads\/2017\/08\/255078-1-800x533.jpg 800w, https:\/\/blog.nautal.com\/fr\/wp-content\/uploads\/2017\/08\/255078-1-320x213.jpg 320w, https:\/\/blog.nautal.com\/fr\/wp-content\/uploads\/2017\/08\/255078-1-560x373.jpg 560w\" sizes=\"(max-width: 868px) 100vw, 868px\" \/><figcaption class=\"wp-element-caption\">Feux d&rsquo;artifice sur la C\u00f4te d&rsquo;Azur depuis le voilier d&rsquo;Olivier<\/figcaption><\/figure><\/div>\n\n\n<p><span style=\"color: #339966;\"><strong>N&nbsp;:<\/strong> Combien co\u00fbte en moyenne une place au port pour la nuit&nbsp;? Qu\u2019est-ce que cela comprend&nbsp;?<\/span><\/p>\n\n\n\n<p><strong>O&nbsp;:<\/strong> Pour un 45 pieds en saison, il faut compter une centaine d\u2019euros. Cela comprend l\u2019eau, l\u2019\u00e9lectricit\u00e9 et l\u2019acc\u00e8s aux sanitaires du Port.<\/p>\n\n\n\n<p><span style=\"color: #339966;\"><strong>N&nbsp;:<\/strong> Peut-on dormir en mer&nbsp;?<\/span><\/p>\n\n\n\n<p><strong>O&nbsp;:<\/strong> Oui bien-s\u00fbr.&nbsp; On appele \u00e7a dormir au mouillage. Pour cela, il faut jeter l\u2019ancre ou amarrer \u00e0 un corps-mort. Il est recommand\u00e9 cependant d\u2019avoir de l\u2019exp\u00e9rience ou d\u2019\u00eatre accompagn\u00e9 d\u2019un skipper et de trouver un endroit abrit\u00e9 du vent telle qu\u2019une belle crique en Corse ou sur la C\u00f4te d&rsquo;Azur.<\/p>\n\n\n\n<p><span style=\"color: #339966;\"><strong>N&nbsp;:<\/strong> Doit-on avertir les capitaineries ou une autre autorit\u00e9 de nos d\u00e9placements, faits et gestes en mer&nbsp;?<\/span><\/p>\n\n\n\n<p><strong>O&nbsp;:<\/strong> Il est d\u2019usage de pr\u00e9venir la Capitainerie de d\u00e9part lorsque l\u2019on fait une longue travers\u00e9e ainsi que des proches \u00e0 terre \u00e0 qui l\u2019on indique alors sa destination. A l\u2019arriv\u00e9e, on fait part de sa bonne travers\u00e9e.<\/p>\n\n\n\n<p><span style=\"color: #339966;\"><strong>N&nbsp;:<\/strong> Que fait-on de nos d\u00e9chets&nbsp;? Comment s\u2019effectue le m\u00e9nage du bateau&nbsp;?<\/span><\/p>\n\n\n\n<p><strong>O&nbsp;:<\/strong> On les conserve dans le bateau puis on fait du tri s\u00e9lectif \u00e0 l\u2019arriv\u00e9e (au retour \u00e0 quai).<\/p>\n\n\n\n<p>Nous r\u00e9alisons le m\u00e9nage et dans notre cas, il n\u2019y a pas de co\u00fbt suppl\u00e9mentaire pour le client. Avec pas mal d\u2019autres loueurs, le nettoyage final est un extra qui co\u00fbte entre 100 et 150\u20ac.<\/p>\n\n\n\n<p><span style=\"color: #339966;\"><strong>N&nbsp;:<\/strong> Peut-on inviter des amis \u00e0 nous rejoindre sur le bateau&nbsp;? Peut-on accueillir plus de monde que ne le permet le nombre de places indiqu\u00e9es si les personnes invit\u00e9es ne restent pas pour dormir&nbsp;?<\/span><\/p>\n\n\n\n<p><strong>O&nbsp;:<\/strong> Le nombre de personnes qu\u2019il est possible d\u2019accueillir d\u00e9pend des normes constructeur ( maximum 12 sur notre 45 pieds) et de l\u2019\u00e9tat de la mer qui d\u00e9termine la cat\u00e9gorie ( A\/B\/Cou D ) \u00e0 laquelle est li\u00e9e le nombre maximum de personnes embarqu\u00e9es. Dans tous les cas, la plaque signal\u00e9tique du bateau indique un nombre maximum qu\u2019il ne faut pas d\u00e9passer.<\/p>\n\n\n\n<p><span style=\"color: #339966;\"><strong>N&nbsp;:<\/strong> Doit-on souscrire \u00e0 une assurance ou notifier \u00e0 votre assureur notre location&nbsp;? Le cas \u00e9ch\u00e9ant, quel type d\u2019assurance nous conseillez-vous&nbsp;?<\/span><\/p>\n\n\n\n<p><strong>O\u00a0:<\/strong> Le locataire doit avoir une simple responsabilit\u00e9 civile (comprise dans son contrat d\u2019assurance maison ou automonile). Quant au loueur, il a un contrat d\u2019assurance suppl\u00e9mentaire qui couvre ainsi la location \u00e0 des particuliers, la co-navigation ou la participation \u00e0 des R\u00e9gates.<\/p>\n\n\n\n<p><span style=\"color: #339966;\"><strong>N&nbsp;:<\/strong> Qu\u2019est-ce qu\u2019implique une grande taille pour un bateau&nbsp;? Les avantages, d\u00e9savantages&nbsp;?<\/span><\/p>\n\n\n\n<p><strong>O&nbsp;:<\/strong> Un grand bateau offre un confort sup\u00e9rieur, permet d\u2019appr\u00e9hender des mers plus difficiles. Il permet \u00e9galement d\u2019effectuer plus facilement des longs voyages. C\u00f4t\u00e9 d\u00e9savantages&nbsp;: un co\u00fbt d\u2019entretien plus important, des places de port plus ch\u00e8res, des assurances plus ch\u00e8res \u00e9galement.<\/p>\n\n\n\n<p><span style=\"color: #339966;\"><strong>N&nbsp;:<\/strong> Y a-t-il des gilets et d\u2019autres \u00e9quipements de sauvetage \u00e0 bord&nbsp;?<\/span><\/p>\n\n\n\n<p><strong>O&nbsp;:<\/strong> Bien s\u00fbr le bateau est \u00e9quip\u00e9 de tout l\u2019armement de s\u00e9curit\u00e9 ( gilets, radeau de survie, fus\u00e9es, radio, etc.)<\/p>\n\n\n\n<p><span style=\"color: #339966;\"><strong>N&nbsp;:<\/strong> Recommanderiez-vous \u00e0 d\u2019autres propri\u00e9taires de louer leur bateau avec Nautal&nbsp;? Pourquoi&nbsp;?<\/span><\/p>\n\n\n\n<p><strong>O&nbsp;:<\/strong> Oui je recommanderais Nautal avec plaisir pour leur professionnalisme et le suivi des dossiers. J\u2019ai pour ma part un excellent relationnel avec Jules, C<em>ountry Manager France<\/em>, &nbsp;avec qui il est tr\u00e8s ais\u00e9 de travailler.<\/p>\n\n\n\n<p><span style=\"color: #339966;\"><strong>N&nbsp;:<\/strong> Derni\u00e8re question pour la route&nbsp;; quels sont vos conseils d\u2019expert en cas de mal de mer&nbsp;?<\/span><\/p>\n\n\n\n<p><strong>O&nbsp;:<\/strong> Aux personnes sachant \u00eatre sensibles au mal de mer, nous leur conseillerons de prendre un cachet 30 minutes avant leur d\u00e9part. D\u2019autres solutions comme les bracelets anti mal de mer, les lunettes sp\u00e9ciales ou les patchs sont \u00e9galement int\u00e9ressantes.<\/p>\n\n\n\n<p>Pour une personne qui aurait le mal de mer une fois partie, il est \u00e9galement conseill\u00e9 de lui donner un verre de C<em>oca-Cola<\/em>, de la placer face au vent et dans le sens de la marche. Enfin quand on est au mouillage la baignade aide \u00e0 faire passer rapidement le mal de mer.<\/p>\n\n\n<div class=\"wp-block-image wp-image-2965 size-full\">\n<figure class=\"aligncenter\"><img decoding=\"async\" loading=\"lazy\" width=\"550\" height=\"413\" src=\"https:\/\/blog.nautal.com\/fr\/wp-content\/uploads\/2017\/08\/olivierarticle-1.jpg\" alt=\"olivier propri\u00e9taire nautal \" class=\"wp-image-2965\" srcset=\"https:\/\/blog.nautal.com\/fr\/wp-content\/uploads\/2017\/08\/olivierarticle-1.jpg 550w, https:\/\/blog.nautal.com\/fr\/wp-content\/uploads\/2017\/08\/olivierarticle-1-320x240.jpg 320w\" sizes=\"(max-width: 550px) 100vw, 550px\" \/><figcaption class=\"wp-element-caption\">Olivier \u00e0 la barre<\/figcaption><\/figure><\/div>\n\n\n<p><span style=\"color: #339966;\"><strong>N&nbsp;:<\/strong> Merci beaucoup Olivier pour le temps que vous nous avez accord\u00e9 lors de cette interview. Nous sommes certains que vous avez r\u00e9pondu \u00e0 bon nombre d\u2019interrogations de nos utilisateurs <a href=\"https:\/\/goo.gl\/ZxfW12\" target=\"_blank\" rel=\"noopener noreferrer\" data-wplink-edit=\"true\">Nautal<\/a>.&nbsp;<\/span><\/p>\n","protected":false},"excerpt":{"rendered":"<div class=\"post-excerpt\">Pour vous, Nautal est all\u00e9 \u00e0 la rencontre d\u2019Olivier \u00e0 Golfe-Juan, amoureux et fier propri\u00e9taire de son bateau, un Oceanis 45 neuf, en location sur notre plateforme en ligne\u00a0! Nous&hellip;<\/div>\n<div class=\"post-more\"><a href=\"https:\/\/blog.nautal.com\/fr\/linterview-exclusive-dolivier-loueur-de-voilier-sur-la-cote-dazur\/\" class=\"button button-primary button-effect\"><span>EN SAVOIR PLUS<\/span><span><i class=\"cs-icon cs-icon-arrow-right\"><\/i><\/span><\/a><\/div>\n","protected":false},"author":34,"featured_media":2955,"comment_status":"open","ping_status":"open","sticky":false,"template":"","format":"standard","meta":[],"categories":[1],"tags":[],"yoast_head":"<!-- This site is optimized with the Yoast SEO plugin v19.10 - https:\/\/yoast.com\/wordpress\/plugins\/seo\/ -->\n<title>L&#039;interview d&#039;Olivier, loueur de voilier en C\u00f4te d&#039;Azur - Blog Nautal<\/title>\n<meta name=\"description\" content=\"Olivier de Nautal, propri\u00e9taire et loueur d&#039;un magnifique voilier Oceanis 45, r\u00e9pond aux questions que l&#039;on se pose avant de naviguer.\" \/>\n<meta name=\"robots\" content=\"index, follow, max-snippet:-1, max-image-preview:large, max-video-preview:-1\" \/>\n<link rel=\"canonical\" href=\"https:\/\/blog.nautal.com\/fr\/linterview-exclusive-dolivier-loueur-de-voilier-sur-la-cote-dazur\/\" \/>\n<meta property=\"og:locale\" content=\"fr_FR\" \/>\n<meta property=\"og:type\" content=\"article\" \/>\n<meta property=\"og:title\" content=\"L&#039;interview d&#039;Olivier, loueur de voilier en C\u00f4te d&#039;Azur - Blog Nautal\" \/>\n<meta property=\"og:description\" content=\"Olivier de Nautal, propri\u00e9taire et loueur d&#039;un magnifique voilier Oceanis 45, r\u00e9pond aux questions que l&#039;on se pose avant de naviguer.\" \/>\n<meta property=\"og:url\" content=\"https:\/\/blog.nautal.com\/fr\/linterview-exclusive-dolivier-loueur-de-voilier-sur-la-cote-dazur\/\" \/>\n<meta property=\"og:site_name\" content=\"Le blog de Nautal | Toute l&#039;information autour de la location de bateau\" \/>\n<meta property=\"article:publisher\" content=\"https:\/\/www.facebook.com\/ClickandboatEN\/\" \/>\n<meta property=\"article:published_time\" content=\"2024-02-29T16:47:44+00:00\" \/>\n<meta property=\"article:modified_time\" content=\"2024-02-29T16:47:46+00:00\" \/>\n<meta property=\"og:image\" content=\"https:\/\/blog.nautal.com\/fr\/wp-content\/uploads\/2017\/08\/cannes-antibes-golfe-juan-diapo-destination-1-3-1.jpg\" \/>\n\t<meta property=\"og:image:width\" content=\"2000\" \/>\n\t<meta property=\"og:image:height\" content=\"670\" \/>\n\t<meta property=\"og:image:type\" content=\"image\/jpeg\" \/>\n<meta name=\"author\" content=\"Bastien\" \/>\n<meta name=\"twitter:card\" content=\"summary_large_image\" \/>\n<meta name=\"twitter:creator\" content=\"@ClickandBoat\" \/>\n<meta name=\"twitter:site\" content=\"@ClickandBoat\" \/>\n<meta name=\"twitter:label1\" content=\"Written by\" \/>\n\t<meta name=\"twitter:data1\" content=\"Bastien\" \/>\n\t<meta name=\"twitter:label2\" content=\"Est. reading time\" \/>\n\t<meta name=\"twitter:data2\" content=\"6 minutes\" \/>\n<script type=\"application\/ld+json\" class=\"yoast-schema-graph\">{\"@context\":\"https:\/\/schema.org\",\"@graph\":[{\"@type\":\"Article\",\"@id\":\"https:\/\/blog.nautal.com\/fr\/linterview-exclusive-dolivier-loueur-de-voilier-sur-la-cote-dazur\/#article\",\"isPartOf\":{\"@id\":\"https:\/\/blog.nautal.com\/fr\/linterview-exclusive-dolivier-loueur-de-voilier-sur-la-cote-dazur\/\"},\"author\":{\"name\":\"Bastien\",\"@id\":\"https:\/\/blog.nautal.com\/fr\/#\/schema\/person\/e93f117405448e29d9de240b468df13f\"},\"headline\":\"L&rsquo;interview exclusive d&rsquo;Olivier, loueur de voilier sur la C\u00f4te d&rsquo;Azur\",\"datePublished\":\"2024-02-29T16:47:44+00:00\",\"dateModified\":\"2024-02-29T16:47:46+00:00\",\"mainEntityOfPage\":{\"@id\":\"https:\/\/blog.nautal.com\/fr\/linterview-exclusive-dolivier-loueur-de-voilier-sur-la-cote-dazur\/\"},\"wordCount\":1164,\"commentCount\":0,\"publisher\":{\"@id\":\"https:\/\/blog.nautal.com\/fr\/#organization\"},\"articleSection\":[\"A propos de Nautal\"],\"inLanguage\":\"fr-FR\",\"potentialAction\":[{\"@type\":\"CommentAction\",\"name\":\"Comment\",\"target\":[\"https:\/\/blog.nautal.com\/fr\/linterview-exclusive-dolivier-loueur-de-voilier-sur-la-cote-dazur\/#respond\"]}]},{\"@type\":\"WebPage\",\"@id\":\"https:\/\/blog.nautal.com\/fr\/linterview-exclusive-dolivier-loueur-de-voilier-sur-la-cote-dazur\/\",\"url\":\"https:\/\/blog.nautal.com\/fr\/linterview-exclusive-dolivier-loueur-de-voilier-sur-la-cote-dazur\/\",\"name\":\"L'interview d'Olivier, loueur de voilier en C\u00f4te d'Azur - Blog Nautal\",\"isPartOf\":{\"@id\":\"https:\/\/blog.nautal.com\/fr\/#website\"},\"datePublished\":\"2024-02-29T16:47:44+00:00\",\"dateModified\":\"2024-02-29T16:47:46+00:00\",\"description\":\"Olivier de Nautal, propri\u00e9taire et loueur d'un magnifique voilier Oceanis 45, r\u00e9pond aux questions que l'on se pose avant de naviguer.\",\"breadcrumb\":{\"@id\":\"https:\/\/blog.nautal.com\/fr\/linterview-exclusive-dolivier-loueur-de-voilier-sur-la-cote-dazur\/#breadcrumb\"},\"inLanguage\":\"fr-FR\",\"potentialAction\":[{\"@type\":\"ReadAction\",\"target\":[\"https:\/\/blog.nautal.com\/fr\/linterview-exclusive-dolivier-loueur-de-voilier-sur-la-cote-dazur\/\"]}]},{\"@type\":\"BreadcrumbList\",\"@id\":\"https:\/\/blog.nautal.com\/fr\/linterview-exclusive-dolivier-loueur-de-voilier-sur-la-cote-dazur\/#breadcrumb\",\"itemListElement\":[{\"@type\":\"ListItem\",\"position\":1,\"name\":\"Homepage\",\"item\":\"https:\/\/blog.nautal.com\/fr\/\"},{\"@type\":\"ListItem\",\"position\":2,\"name\":\"L&rsquo;interview exclusive d&rsquo;Olivier, loueur de voilier sur la C\u00f4te d&rsquo;Azur\"}]},{\"@type\":\"WebSite\",\"@id\":\"https:\/\/blog.nautal.com\/fr\/#website\",\"url\":\"https:\/\/blog.nautal.com\/fr\/\",\"name\":\"Le blog de Nautal | Toute l&#039;information autour de la location de bateau\",\"description\":\"Maintenant, naviguer est \u00e0 la port\u00e9e de tous !\",\"publisher\":{\"@id\":\"https:\/\/blog.nautal.com\/fr\/#organization\"},\"potentialAction\":[{\"@type\":\"SearchAction\",\"target\":{\"@type\":\"EntryPoint\",\"urlTemplate\":\"https:\/\/blog.nautal.com\/fr\/?s={search_term_string}\"},\"query-input\":\"required name=search_term_string\"}],\"inLanguage\":\"fr-FR\"},{\"@type\":\"Organization\",\"@id\":\"https:\/\/blog.nautal.com\/fr\/#organization\",\"name\":\"Le blog de Nautal | Toute l&#039;information autour de la location de bateau\",\"alternateName\":\"Nautal\",\"url\":\"https:\/\/blog.nautal.com\/fr\/\",\"logo\":{\"@type\":\"ImageObject\",\"inLanguage\":\"fr-FR\",\"@id\":\"https:\/\/blog.nautal.com\/fr\/#\/schema\/logo\/image\/\",\"url\":\"https:\/\/blog.nautal.com\/fr\/wp-content\/uploads\/2022\/11\/Logo-Nautal.png\",\"contentUrl\":\"https:\/\/blog.nautal.com\/fr\/wp-content\/uploads\/2022\/11\/Logo-Nautal.png\",\"width\":2142,\"height\":420,\"caption\":\"Le blog de Nautal | Toute l&#039;information autour de la location de bateau\"},\"image\":{\"@id\":\"https:\/\/blog.nautal.com\/fr\/#\/schema\/logo\/image\/\"},\"sameAs\":[\"http:\/\/clickandboat\",\"https:\/\/www.linkedin.com\/company\/5109175?trk=prof-exp-company-name\",\"https:\/\/www.pinterest.com\/clickandboat\/\",\"https:\/\/www.youtube.com\/channel\/UCkeHDxXX7qQETPMQgFZ7Lqw\",\"https:\/\/www.facebook.com\/ClickandboatEN\/\",\"https:\/\/twitter.com\/ClickandBoat\"]},{\"@type\":\"Person\",\"@id\":\"https:\/\/blog.nautal.com\/fr\/#\/schema\/person\/e93f117405448e29d9de240b468df13f\",\"name\":\"Bastien\",\"image\":{\"@type\":\"ImageObject\",\"inLanguage\":\"fr-FR\",\"@id\":\"https:\/\/blog.nautal.com\/fr\/#\/schema\/person\/image\/\",\"url\":\"https:\/\/secure.gravatar.com\/avatar\/90b64dfa7d883985b332b007ed4698ea?s=96&d=mm&r=g\",\"contentUrl\":\"https:\/\/secure.gravatar.com\/avatar\/90b64dfa7d883985b332b007ed4698ea?s=96&d=mm&r=g\",\"caption\":\"Bastien\"}}]}<\/script>\n<!-- \/ Yoast SEO plugin. -->","yoast_head_json":{"title":"L'interview d'Olivier, loueur de voilier en C\u00f4te d'Azur - Blog Nautal","description":"Olivier de Nautal, propri\u00e9taire et loueur d'un magnifique voilier Oceanis 45, r\u00e9pond aux questions que l'on se pose avant de naviguer.","robots":{"index":"index","follow":"follow","max-snippet":"max-snippet:-1","max-image-preview":"max-image-preview:large","max-video-preview":"max-video-preview:-1"},"canonical":"https:\/\/blog.nautal.com\/fr\/linterview-exclusive-dolivier-loueur-de-voilier-sur-la-cote-dazur\/","og_locale":"fr_FR","og_type":"article","og_title":"L'interview d'Olivier, loueur de voilier en C\u00f4te d'Azur - Blog Nautal","og_description":"Olivier de Nautal, propri\u00e9taire et loueur d'un magnifique voilier Oceanis 45, r\u00e9pond aux questions que l'on se pose avant de naviguer.","og_url":"https:\/\/blog.nautal.com\/fr\/linterview-exclusive-dolivier-loueur-de-voilier-sur-la-cote-dazur\/","og_site_name":"Le blog de Nautal | Toute l&#039;information autour de la location de bateau","article_publisher":"https:\/\/www.facebook.com\/ClickandboatEN\/","article_published_time":"2024-02-29T16:47:44+00:00","article_modified_time":"2024-02-29T16:47:46+00:00","og_image":[{"width":2000,"height":670,"url":"https:\/\/blog.nautal.com\/fr\/wp-content\/uploads\/2017\/08\/cannes-antibes-golfe-juan-diapo-destination-1-3-1.jpg","type":"image\/jpeg"}],"author":"Bastien","twitter_card":"summary_large_image","twitter_creator":"@ClickandBoat","twitter_site":"@ClickandBoat","twitter_misc":{"Written by":"Bastien","Est. reading time":"6 minutes"},"schema":{"@context":"https:\/\/schema.org","@graph":[{"@type":"Article","@id":"https:\/\/blog.nautal.com\/fr\/linterview-exclusive-dolivier-loueur-de-voilier-sur-la-cote-dazur\/#article","isPartOf":{"@id":"https:\/\/blog.nautal.com\/fr\/linterview-exclusive-dolivier-loueur-de-voilier-sur-la-cote-dazur\/"},"author":{"name":"Bastien","@id":"https:\/\/blog.nautal.com\/fr\/#\/schema\/person\/e93f117405448e29d9de240b468df13f"},"headline":"L&rsquo;interview exclusive d&rsquo;Olivier, loueur de voilier sur la C\u00f4te d&rsquo;Azur","datePublished":"2024-02-29T16:47:44+00:00","dateModified":"2024-02-29T16:47:46+00:00","mainEntityOfPage":{"@id":"https:\/\/blog.nautal.com\/fr\/linterview-exclusive-dolivier-loueur-de-voilier-sur-la-cote-dazur\/"},"wordCount":1164,"commentCount":0,"publisher":{"@id":"https:\/\/blog.nautal.com\/fr\/#organization"},"articleSection":["A propos de Nautal"],"inLanguage":"fr-FR","potentialAction":[{"@type":"CommentAction","name":"Comment","target":["https:\/\/blog.nautal.com\/fr\/linterview-exclusive-dolivier-loueur-de-voilier-sur-la-cote-dazur\/#respond"]}]},{"@type":"WebPage","@id":"https:\/\/blog.nautal.com\/fr\/linterview-exclusive-dolivier-loueur-de-voilier-sur-la-cote-dazur\/","url":"https:\/\/blog.nautal.com\/fr\/linterview-exclusive-dolivier-loueur-de-voilier-sur-la-cote-dazur\/","name":"L'interview d'Olivier, loueur de voilier en C\u00f4te d'Azur - Blog Nautal","isPartOf":{"@id":"https:\/\/blog.nautal.com\/fr\/#website"},"datePublished":"2024-02-29T16:47:44+00:00","dateModified":"2024-02-29T16:47:46+00:00","description":"Olivier de Nautal, propri\u00e9taire et loueur d'un magnifique voilier Oceanis 45, r\u00e9pond aux questions que l'on se pose avant de naviguer.","breadcrumb":{"@id":"https:\/\/blog.nautal.com\/fr\/linterview-exclusive-dolivier-loueur-de-voilier-sur-la-cote-dazur\/#breadcrumb"},"inLanguage":"fr-FR","potentialAction":[{"@type":"ReadAction","target":["https:\/\/blog.nautal.com\/fr\/linterview-exclusive-dolivier-loueur-de-voilier-sur-la-cote-dazur\/"]}]},{"@type":"BreadcrumbList","@id":"https:\/\/blog.nautal.com\/fr\/linterview-exclusive-dolivier-loueur-de-voilier-sur-la-cote-dazur\/#breadcrumb","itemListElement":[{"@type":"ListItem","position":1,"name":"Homepage","item":"https:\/\/blog.nautal.com\/fr\/"},{"@type":"ListItem","position":2,"name":"L&rsquo;interview exclusive d&rsquo;Olivier, loueur de voilier sur la C\u00f4te d&rsquo;Azur"}]},{"@type":"WebSite","@id":"https:\/\/blog.nautal.com\/fr\/#website","url":"https:\/\/blog.nautal.com\/fr\/","name":"Le blog de Nautal | Toute l&#039;information autour de la location de bateau","description":"Maintenant, naviguer est \u00e0 la port\u00e9e de tous !","publisher":{"@id":"https:\/\/blog.nautal.com\/fr\/#organization"},"potentialAction":[{"@type":"SearchAction","target":{"@type":"EntryPoint","urlTemplate":"https:\/\/blog.nautal.com\/fr\/?s={search_term_string}"},"query-input":"required name=search_term_string"}],"inLanguage":"fr-FR"},{"@type":"Organization","@id":"https:\/\/blog.nautal.com\/fr\/#organization","name":"Le blog de Nautal | Toute l&#039;information autour de la location de bateau","alternateName":"Nautal","url":"https:\/\/blog.nautal.com\/fr\/","logo":{"@type":"ImageObject","inLanguage":"fr-FR","@id":"https:\/\/blog.nautal.com\/fr\/#\/schema\/logo\/image\/","url":"https:\/\/blog.nautal.com\/fr\/wp-content\/uploads\/2022\/11\/Logo-Nautal.png","contentUrl":"https:\/\/blog.nautal.com\/fr\/wp-content\/uploads\/2022\/11\/Logo-Nautal.png","width":2142,"height":420,"caption":"Le blog de Nautal | Toute l&#039;information autour de la location de bateau"},"image":{"@id":"https:\/\/blog.nautal.com\/fr\/#\/schema\/logo\/image\/"},"sameAs":["http:\/\/clickandboat","https:\/\/www.linkedin.com\/company\/5109175?trk=prof-exp-company-name","https:\/\/www.pinterest.com\/clickandboat\/","https:\/\/www.youtube.com\/channel\/UCkeHDxXX7qQETPMQgFZ7Lqw","https:\/\/www.facebook.com\/ClickandboatEN\/","https:\/\/twitter.com\/ClickandBoat"]},{"@type":"Person","@id":"https:\/\/blog.nautal.com\/fr\/#\/schema\/person\/e93f117405448e29d9de240b468df13f","name":"Bastien","image":{"@type":"ImageObject","inLanguage":"fr-FR","@id":"https:\/\/blog.nautal.com\/fr\/#\/schema\/person\/image\/","url":"https:\/\/secure.gravatar.com\/avatar\/90b64dfa7d883985b332b007ed4698ea?s=96&d=mm&r=g","contentUrl":"https:\/\/secure.gravatar.com\/avatar\/90b64dfa7d883985b332b007ed4698ea?s=96&d=mm&r=g","caption":"Bastien"}}]}},"_links":{"self":[{"href":"https:\/\/blog.nautal.com\/fr\/wp-json\/wp\/v2\/posts\/2938"}],"collection":[{"href":"https:\/\/blog.nautal.com\/fr\/wp-json\/wp\/v2\/posts"}],"about":[{"href":"https:\/\/blog.nautal.com\/fr\/wp-json\/wp\/v2\/types\/post"}],"author":[{"embeddable":true,"href":"https:\/\/blog.nautal.com\/fr\/wp-json\/wp\/v2\/users\/34"}],"replies":[{"embeddable":true,"href":"https:\/\/blog.nautal.com\/fr\/wp-json\/wp\/v2\/comments?post=2938"}],"version-history":[{"count":3,"href":"https:\/\/blog.nautal.com\/fr\/wp-json\/wp\/v2\/posts\/2938\/revisions"}],"predecessor-version":[{"id":5781,"href":"https:\/\/blog.nautal.com\/fr\/wp-json\/wp\/v2\/posts\/2938\/revisions\/5781"}],"wp:featuredmedia":[{"embeddable":true,"href":"https:\/\/blog.nautal.com\/fr\/wp-json\/wp\/v2\/media\/2955"}],"wp:attachment":[{"href":"https:\/\/blog.nautal.com\/fr\/wp-json\/wp\/v2\/media?parent=2938"}],"wp:term":[{"taxonomy":"category","embeddable":true,"href":"https:\/\/blog.nautal.com\/fr\/wp-json\/wp\/v2\/categories?post=2938"},{"taxonomy":"post_tag","embeddable":true,"href":"https:\/\/blog.nautal.com\/fr\/wp-json\/wp\/v2\/tags?post=2938"}],"curies":[{"name":"wp","href":"https:\/\/api.w.org\/{rel}","templated":true}]}}