{"id":187,"date":"2023-09-28T16:06:00","date_gmt":"2023-09-28T15:06:00","guid":{"rendered":"http:\/\/https:\/\/blog.nautal.com\/fr\/?p=187"},"modified":"2023-10-09T16:16:30","modified_gmt":"2023-10-09T15:16:30","slug":"majorque-minorque-ibiza-et-formentera","status":"publish","type":"post","link":"https:\/\/blog.nautal.com\/fr\/majorque-minorque-ibiza-et-formentera\/","title":{"rendered":"Majorque, Minorque, Ibiza et Formentera"},"content":{"rendered":"\n<div id=\"ez-toc-container\" class=\"ez-toc-v2_0_57_1 counter-hierarchy ez-toc-counter ez-toc-grey ez-toc-container-direction\">\n<div class=\"ez-toc-title-container\">\n<p class=\"ez-toc-title \" >Sommaire<\/p>\n<span class=\"ez-toc-title-toggle\"><a href=\"#\" class=\"ez-toc-pull-right ez-toc-btn ez-toc-btn-xs ez-toc-btn-default ez-toc-toggle\" aria-label=\"Toggle Table of Content\" role=\"button\"><label for=\"item-69f3b5bb256fe\" ><span class=\"\"><span style=\"display:none;\">Toggle<\/span><span class=\"ez-toc-icon-toggle-span\"><svg style=\"fill: #999;color:#999\" xmlns=\"http:\/\/www.w3.org\/2000\/svg\" class=\"list-377408\" width=\"20px\" height=\"20px\" viewBox=\"0 0 24 24\" fill=\"none\"><path d=\"M6 6H4v2h2V6zm14 0H8v2h12V6zM4 11h2v2H4v-2zm16 0H8v2h12v-2zM4 16h2v2H4v-2zm16 0H8v2h12v-2z\" fill=\"currentColor\"><\/path><\/svg><svg style=\"fill: #999;color:#999\" class=\"arrow-unsorted-368013\" xmlns=\"http:\/\/www.w3.org\/2000\/svg\" width=\"10px\" height=\"10px\" viewBox=\"0 0 24 24\" version=\"1.2\" baseProfile=\"tiny\"><path d=\"M18.2 9.3l-6.2-6.3-6.2 6.3c-.2.2-.3.4-.3.7s.1.5.3.7c.2.2.4.3.7.3h11c.3 0 .5-.1.7-.3.2-.2.3-.5.3-.7s-.1-.5-.3-.7zM5.8 14.7l6.2 6.3 6.2-6.3c.2-.2.3-.5.3-.7s-.1-.5-.3-.7c-.2-.2-.4-.3-.7-.3h-11c-.3 0-.5.1-.7.3-.2.2-.3.5-.3.7s.1.5.3.7z\"\/><\/svg><\/span><\/span><\/label><input aria-label=\"Toggle\" aria-label=\"item-69f3b5bb256fe\"  type=\"checkbox\" id=\"item-69f3b5bb256fe\"><\/a><\/span><\/div>\n<nav><ul class='ez-toc-list ez-toc-list-level-1 ' ><li class='ez-toc-page-1 ez-toc-heading-level-2'><a class=\"ez-toc-link ez-toc-heading-1\" href=\"https:\/\/blog.nautal.com\/fr\/majorque-minorque-ibiza-et-formentera\/#La_meilleure_facon_de_voir_les_iles_Baleares_sur_un_bateau_en_location\" title=\"La meilleure fa\u00e7on de voir les \u00eeles Bal\u00e9ares : sur un bateau en location\">La meilleure fa\u00e7on de voir les \u00eeles Bal\u00e9ares : sur un bateau en location<\/a><\/li><li class='ez-toc-page-1 ez-toc-heading-level-2'><a class=\"ez-toc-link ez-toc-heading-2\" href=\"https:\/\/blog.nautal.com\/fr\/majorque-minorque-ibiza-et-formentera\/#Que_visiter_dans_les_iles_Baleares\" title=\"Que visiter dans les \u00eeles Bal\u00e9ares ?\">Que visiter dans les \u00eeles Bal\u00e9ares ?<\/a><ul class='ez-toc-list-level-3'><li class='ez-toc-heading-level-3'><a class=\"ez-toc-link ez-toc-heading-3\" href=\"https:\/\/blog.nautal.com\/fr\/majorque-minorque-ibiza-et-formentera\/#Minorque\" title=\"Minorque\">Minorque<\/a><\/li><li class='ez-toc-page-1 ez-toc-heading-level-3'><a class=\"ez-toc-link ez-toc-heading-4\" href=\"https:\/\/blog.nautal.com\/fr\/majorque-minorque-ibiza-et-formentera\/#Formentera\" title=\"Formentera\">Formentera<\/a><\/li><li class='ez-toc-page-1 ez-toc-heading-level-3'><a class=\"ez-toc-link ez-toc-heading-5\" href=\"https:\/\/blog.nautal.com\/fr\/majorque-minorque-ibiza-et-formentera\/#Majorque\" title=\"Majorque\">Majorque<\/a><\/li><li class='ez-toc-page-1 ez-toc-heading-level-3'><a class=\"ez-toc-link ez-toc-heading-6\" href=\"https:\/\/blog.nautal.com\/fr\/majorque-minorque-ibiza-et-formentera\/#Ibiza\" title=\"Ibiza\">Ibiza<\/a><\/li><\/ul><\/li><li class='ez-toc-page-1 ez-toc-heading-level-2'><a class=\"ez-toc-link ez-toc-heading-7\" href=\"https:\/\/blog.nautal.com\/fr\/majorque-minorque-ibiza-et-formentera\/#Saison_de_navigation_et_climat_des_iles_Baleares\" title=\"Saison de navigation et climat des \u00eeles Bal\u00e9ares\">Saison de navigation et climat des \u00eeles Bal\u00e9ares<\/a><ul class='ez-toc-list-level-3'><li class='ez-toc-heading-level-3'><a class=\"ez-toc-link ez-toc-heading-8\" href=\"https:\/\/blog.nautal.com\/fr\/majorque-minorque-ibiza-et-formentera\/#Les_vents\" title=\"Les vents\">Les vents<\/a><\/li><\/ul><\/li><li class='ez-toc-page-1 ez-toc-heading-level-2'><a class=\"ez-toc-link ez-toc-heading-9\" href=\"https:\/\/blog.nautal.com\/fr\/majorque-minorque-ibiza-et-formentera\/#Marees_et_profondeur_de_la_mer\" title=\"Mar\u00e9es et profondeur de la mer\">Mar\u00e9es et profondeur de la mer<\/a><\/li><\/ul><\/nav><\/div>\n<h2><span class=\"ez-toc-section\" id=\"La_meilleure_facon_de_voir_les_iles_Baleares_sur_un_bateau_en_location\"><\/span>La meilleure fa\u00e7on de voir les \u00eeles Bal\u00e9ares : sur un bateau en location<span class=\"ez-toc-section-end\"><\/span><\/h2>\n\n\n\n<p>L&rsquo;archipel des Bal\u00e9ares, situ\u00e9 \u00e0 l&rsquo;est de la p\u00e9ninsule ib\u00e9rique, est compos\u00e9 de deux ensembles d&rsquo;\u00eeles : les \u00eeles Gim\u00e9sies et les \u00eeles Pityuses. Les premi\u00e8res rassemblent la capitale, Majorque, mais aussi Minorque, Cabrera et quelques \u00eelots comme Hutch. Les Pityuses elles sont compos\u00e9es de deux grandes \u00eeles, Ibiza et Formentera et d&rsquo;\u00eelots comme Espalmador et Espardell.<\/p>\n\n\n\n<p>Les magnifiques eaux turquoise, la gastronomie m\u00e9diterran\u00e9enne (consid\u00e9r\u00e9e comme une des meilleures du monde), les temp\u00e9ratures in\u00e9gal\u00e9es, les paysages idylliques et les criques, plages incroyables font des Bal\u00e9ares une destination id\u00e9ale pour louer un bateau et visiter les \u00eeles depuis la mer. Tout cela sans oublier toute la panoplie d&rsquo;activit\u00e9s offertes par ces \u00eeles.<\/p>\n\n\n\n<p>Au total, les quatre plus grandes \u00eeles comptent plus de 300 plages de criques de sable blanc, rochers, paysages de pins, eaux cristallines&#8230; dont&nbsp;peuvent profiter toutes les personnes qui d\u00e9cident de s&rsquo;en approcher. Il ne faut pas oublier que si vous prenez un bateau en location, vous pourrez&nbsp;atteindre des criques isol\u00e9es qui dans de nombreux cas, sont peu fr\u00e9quent\u00e9es de touristes.<\/p>\n\n\n\n<!--more-->\n\n\n\n<figure class=\"wp-block-image size-large\"><img decoding=\"async\" loading=\"lazy\" width=\"1160\" height=\"674\" src=\"https:\/\/blog.nautal.com\/fr\/wp-content\/uploads\/2023\/10\/Iles-Baleares-en-bateau-1160x674.jpeg\" alt=\"\" class=\"wp-image-5607\" srcset=\"https:\/\/blog.nautal.com\/fr\/wp-content\/uploads\/2023\/10\/Iles-Baleares-en-bateau-1160x674.jpeg 1160w, https:\/\/blog.nautal.com\/fr\/wp-content\/uploads\/2023\/10\/Iles-Baleares-en-bateau-800x465.jpeg 800w, https:\/\/blog.nautal.com\/fr\/wp-content\/uploads\/2023\/10\/Iles-Baleares-en-bateau-1536x892.jpeg 1536w, https:\/\/blog.nautal.com\/fr\/wp-content\/uploads\/2023\/10\/Iles-Baleares-en-bateau-2048x1190.jpeg 2048w, https:\/\/blog.nautal.com\/fr\/wp-content\/uploads\/2023\/10\/Iles-Baleares-en-bateau-320x186.jpeg 320w, https:\/\/blog.nautal.com\/fr\/wp-content\/uploads\/2023\/10\/Iles-Baleares-en-bateau-560x325.jpeg 560w, https:\/\/blog.nautal.com\/fr\/wp-content\/uploads\/2023\/10\/Iles-Baleares-en-bateau-1920x1115.jpeg 1920w, https:\/\/blog.nautal.com\/fr\/wp-content\/uploads\/2023\/10\/Iles-Baleares-en-bateau-scaled.jpeg 2560w\" sizes=\"(max-width: 1160px) 100vw, 1160px\" \/><\/figure>\n\n\n\n<h2><span class=\"ez-toc-section\" id=\"Que_visiter_dans_les_iles_Baleares\"><\/span><strong>Que visiter dans les \u00eeles Bal\u00e9ares ?<\/strong><span class=\"ez-toc-section-end\"><\/span><\/h2>\n\n\n\n<p>Il y a beaucoup d&rsquo;endroits \u00e0 visiter avec ou sans bateau, dans les \u00eeles Bal\u00e9ares. Nous vous proposons dans cet article les visites incontournables \u00e0 faire si vous visitez une de ces \u00eeles.<\/p>\n\n\n\n<h3><span class=\"ez-toc-section\" id=\"Minorque\"><\/span><strong>Minorque<\/strong><span class=\"ez-toc-section-end\"><\/span><\/h3>\n\n\n\n<p>\u00c0 Minorque, vous trouverez une multitude de criques, parmi lesquelles certaines sont incontournables :<\/p>\n\n\n\n<ul>\n<li><strong>Cala Macarella, Cala Macarelleta et la Cala Turqueta :<\/strong> elles sont caract\u00e9ris\u00e9es par des eaux bleues, une grande tranquillit\u00e9 et des paysages de pins, \u00e0 l&rsquo;abri des falaises.<\/li>\n\n\n\n<li><strong>Cala Pregonta :<\/strong> cette crique m\u00e9rite une visite sp\u00e9ciale. Sa particularit\u00e9 r\u00e9side dans ses eaux d&rsquo;une couleur rouge unique. Vous pouvez jeter l&rsquo;ancre ici et profiter d&rsquo;un bain de boue, r\u00e9put\u00e9 pour rendre votre peau incroyablement douce.<\/li>\n<\/ul>\n\n\n\n<h3><span class=\"ez-toc-section\" id=\"Formentera\"><\/span><strong>Formentera<\/strong><span class=\"ez-toc-section-end\"><\/span><\/h3>\n\n\n\n<p>Bien que l&rsquo;\u00eele de Formentera soit la plus petite, vous pouvez y visiter de nombreuses criques et plages. Si vous louez un bateau, voici ce que vous pouvez faire :<\/p>\n\n\n\n<ul>\n<li><strong>Visitez Espalmador<\/strong> : cette petite \u00eele presque inhabit\u00e9e est accessible uniquement par bateau, ce qui en fait une destination unique. <\/li>\n\n\n\n<li><strong>Explorez le Phare Mola<\/strong> : situ\u00e9 sur le point culminant de l&rsquo;\u00eele, il a \u00e9t\u00e9 le th\u00e9\u00e2tre de certains films espagnols.<\/li>\n<\/ul>\n\n\n\n<h3><span class=\"ez-toc-section\" id=\"Majorque\"><\/span><strong>Majorque<\/strong><span class=\"ez-toc-section-end\"><\/span><\/h3>\n\n\n\n<p>Dans la capitale des \u00celes Bal\u00e9ares, Majorque, vous aurez l&rsquo;opportunit\u00e9 de d\u00e9couvrir plusieurs lieux embl\u00e9matiques, \u00e0 savoir :<\/p>\n\n\n\n<ul>\n<li><strong>Le ch\u00e2teau de Bellver :<\/strong> un impressionnant monument architectural qui offre une vue panoramique sur la ville de Majorque. Parfait pour les amateurs d&rsquo;histoire et d&rsquo;architecture.<\/li>\n\n\n\n<li><strong>Le ch\u00e2teau de Bendinat : <\/strong>un autre site historique qui s\u00e9duit par son charme. Vous pourrez vous plonger dans le pass\u00e9 en explorant ses murs et ses environs.<\/li>\n\n\n\n<li><strong>Cala Varcas :<\/strong> l&rsquo;une des plus belles criques de l&rsquo;\u00eele. Sa plus grande beaut\u00e9 se contemple depuis la mer : il est donc indispensable de louer un bateau. <\/li>\n\n\n\n<li><strong>Cala Mondrago :<\/strong> une des criques les plus importantes de l&rsquo;\u00eele, d\u00e9clar\u00e9e au parc naturel en 1992.<\/li>\n<\/ul>\n\n\n\n<h3><span class=\"ez-toc-section\" id=\"Ibiza\"><\/span><strong>Ibiza<\/strong><span class=\"ez-toc-section-end\"><\/span><\/h3>\n\n\n\n<p>vous pr\u00e9f\u00e9rez la vie nocturne ? vous serez satisfaits\u00a0dans toutes ces \u00eeles. Et Ibiza est l&rsquo;\u00eele par excellence pour \u00e7a, car elle contient un tr\u00e8s grand nombre de clubs. Cependant, si vous souhaitez naviguer, <a href=\"https:\/\/www.nautal.fr\/location-bateau-ibiza\">Ibiza<\/a> est l&rsquo;endroit id\u00e9al pour louer un bateau :<\/p>\n\n\n\n<ul>\n<li>Profitez du plus beau\u00a0coucher du soleil de toute l&rsquo;\u00eele depuis la crique de\u00a0Cala Saona, en \u00e9coutant le bruit des tambours qui ne cesseront que lorsque le soleil ira se coucher. <\/li>\n\n\n\n<li>Si vous cherchez la tranquillit\u00e9 loin de l&rsquo;agitation touristique, la crique de Gracioneta est la destination parfaite. Dans ses eaux calmes vous pourrez faire de la plong\u00e9e ou simplement vous d\u00e9tendre sur votre bateau.<\/li>\n<\/ul>\n\n\n\n<h2><span class=\"ez-toc-section\" id=\"Saison_de_navigation_et_climat_des_iles_Baleares\"><\/span><strong>Saison de navigation et climat<\/strong> <strong>des \u00eeles Bal\u00e9ares<\/strong><span class=\"ez-toc-section-end\"><\/span><\/h2>\n\n\n\n<p>Le climat des \u00eeles Bal\u00e9ares a toutes les caract\u00e9ristiques typiques d&rsquo;un climat m\u00e9diterran\u00e9en. Trois \u00e9l\u00e9ments remarquables, contribuent \u00e0 faire de ce mini-archipel l&rsquo;une des destinations de vacances les plus pris\u00e9es presque tous les mois de l&rsquo;ann\u00e9e :<\/p>\n\n\n\n<ul>\n<li> Douces brises<\/li>\n\n\n\n<li>Faibles pr\u00e9cipitations <\/li>\n\n\n\n<li>Temp\u00e9ratures agr\u00e9ables  <\/li>\n<\/ul>\n\n\n\n<figure class=\"wp-block-image size-large\"><img decoding=\"async\" loading=\"lazy\" width=\"1160\" height=\"773\" src=\"https:\/\/blog.nautal.com\/fr\/wp-content\/uploads\/2023\/10\/Beatiful-cove-with-fishing-piers-rocks-and-an-anchored-sailboat-Formentera-1160x773.jpeg\" alt=\"\" class=\"wp-image-5611\" srcset=\"https:\/\/blog.nautal.com\/fr\/wp-content\/uploads\/2023\/10\/Beatiful-cove-with-fishing-piers-rocks-and-an-anchored-sailboat-Formentera-1160x773.jpeg 1160w, https:\/\/blog.nautal.com\/fr\/wp-content\/uploads\/2023\/10\/Beatiful-cove-with-fishing-piers-rocks-and-an-anchored-sailboat-Formentera-800x533.jpeg 800w, https:\/\/blog.nautal.com\/fr\/wp-content\/uploads\/2023\/10\/Beatiful-cove-with-fishing-piers-rocks-and-an-anchored-sailboat-Formentera-1536x1024.jpeg 1536w, https:\/\/blog.nautal.com\/fr\/wp-content\/uploads\/2023\/10\/Beatiful-cove-with-fishing-piers-rocks-and-an-anchored-sailboat-Formentera-2048x1365.jpeg 2048w, https:\/\/blog.nautal.com\/fr\/wp-content\/uploads\/2023\/10\/Beatiful-cove-with-fishing-piers-rocks-and-an-anchored-sailboat-Formentera-320x213.jpeg 320w, https:\/\/blog.nautal.com\/fr\/wp-content\/uploads\/2023\/10\/Beatiful-cove-with-fishing-piers-rocks-and-an-anchored-sailboat-Formentera-560x373.jpeg 560w, https:\/\/blog.nautal.com\/fr\/wp-content\/uploads\/2023\/10\/Beatiful-cove-with-fishing-piers-rocks-and-an-anchored-sailboat-Formentera-1920x1280.jpeg 1920w, https:\/\/blog.nautal.com\/fr\/wp-content\/uploads\/2023\/10\/Beatiful-cove-with-fishing-piers-rocks-and-an-anchored-sailboat-Formentera-scaled.jpeg 2560w\" sizes=\"(max-width: 1160px) 100vw, 1160px\" \/><\/figure>\n\n\n\n<p>Bien que la haute saison se situe entre les mois de juin, juillet, ao\u00fbt et septembre, il y a&nbsp;\u00e9galement&nbsp;de bonnes conditions de navigation en avril, mai et octobre, o\u00f9 vous trouverez une plus grande tranquillit\u00e9, moins de touristes, mais aussi des temp\u00e9ratures plus rafra\u00eechissantes et pas trop chaudes. Il faut aussi souligner le niveau \u00e9lev\u00e9 d&rsquo;humidit\u00e9 dans l&rsquo;atmosph\u00e8re qui peut atteindre 72%.<\/p>\n\n\n\n<p>Dans l&rsquo;ensemble, la temp\u00e9rature moyenne dans les Bal\u00e9ares est comprise entre 15 et 20 degr\u00e9s. Les \u00e9t\u00e9s sont g\u00e9n\u00e9ralement chauds et secs, avec des temp\u00e9ratures variant entre 20 et 26 degr\u00e9s et pouvant facilement atteindre plus de 30 degr\u00e9s. En hiver, la temp\u00e9rature baisse consid\u00e9rablement. Ces temp\u00e9ratures permettent de profiter au maximum de la navigation, mais \u00e9galement de la mer et des plages.<\/p>\n\n\n\n<p>Avec un climat chaud et un taux d&rsquo;ensoleillement tr\u00e8s important par jour, la temp\u00e9rature de l&rsquo;eau est&nbsp;de 20 degr\u00e9s toute l&rsquo;ann\u00e9e et monte jusqu&rsquo;\u00e0 26 degr\u00e9s en \u00e9t\u00e9. Cela permet de pratiquer des sports nautiques comme la plong\u00e9e, le snorkeling ou m\u00eame le paddle surf.<\/p>\n\n\n\n<h3><span class=\"ez-toc-section\" id=\"Les_vents\"><\/span><strong>Les vents<\/strong><span class=\"ez-toc-section-end\"><\/span><\/h3>\n\n\n\n<p>Un \u00e9l\u00e9ment important de ces \u00eeles, qu&rsquo;il faut garder \u00e0 l&rsquo;esprit lors de la location d&rsquo;un bateau, c&rsquo;est le vent. En hiver, les vents sont majoritairement d&rsquo;Ouest et du Sud-Ouest\u00a0tandis qu&rsquo;en \u00e9t\u00e9, le vent d&rsquo;Est pr\u00e9domine. Le vent que l&rsquo;on trouve dans ces \u00eeles ne nuit pas \u00e0 la navigation et les excursions en bateau peuvent se faire en toute s\u00e9curit\u00e9 pendant les mois d&rsquo;\u00e9t\u00e9.<\/p>\n\n\n\n<p>Si le vent augmente en intensit\u00e9 ou que la mer s&rsquo;agite, vous pouvez toujours aller \u00e0 la c\u00f4te&nbsp;sous le vent&nbsp;o\u00f9 vous serez prot\u00e9g\u00e9, dans un d\u00e9lai raisonnablement court.<\/p>\n\n\n\n<p>C&rsquo;est important de conna\u00eetre les vents qui affectent chacune des \u00eeles qui composent l&rsquo;archipel des Bal\u00e9ares et d&rsquo;adapter nos routes lors de la navigation.<\/p>\n\n\n\n<p>Minorque est r\u00e9put\u00e9e pour \u00eatre l&rsquo;\u00eele o\u00f9 il y a du vent tout au long de l&rsquo;ann\u00e9e et o\u00f9 il y a la Tramontane durant les mois d&rsquo;\u00e9t\u00e9. Cela permet de supporter les temp\u00e9ratures tr\u00e8s \u00e9lev\u00e9es. Les brises fra\u00eeches qui proviennent de ce territoire rendent la navigation unique. En revanche, en hiver, le vent est plus fort et peut atteindre les 100 km\/h.<\/p>\n\n\n\n<p>A Ibiza, comme \u00e0 Minorque, les deux vents dominants viennent du Nord. C&rsquo;est le cas du Grega, qui est plus pr\u00e9sent en hiver et le Mistral, qui est pr\u00e9sent sur l&rsquo;\u00eele blanche, avec ses douces brises qui aident \u00e0 la navigation en bateau \u00e0 moteur.<\/p>\n\n\n\n<p>Formentera est une autre \u00eele avec un vent du Nord, le Mistral, qui augmente les probabilit\u00e9s de pr\u00e9cipitations. Il y a \u00e9galement le Marin qui lui, au contraire, vient du Sud-Ouest et apporte de l&rsquo;air chaud.<\/p>\n\n\n\n<p><a href=\"https:\/\/www.nautal.fr\/location-bateau-majorque\">Majorque est l&rsquo;\u00eele<\/a> parfaite pour les amateurs de voile. C&rsquo;est la zone des Bal\u00e9ares qui allie le Mistral et la Tramontane qui proviennent du Nord et du Nord-Ouest, avec des vents du Sud qui d\u00e9gagent le ciel et augmentent les temp\u00e9ratures.<\/p>\n\n\n\n<h2><span class=\"ez-toc-section\" id=\"Marees_et_profondeur_de_la_mer\"><\/span><strong>Mar\u00e9es et profondeur de la mer<\/strong><span class=\"ez-toc-section-end\"><\/span><\/h2>\n\n\n\n<p>Les mar\u00e9es en M\u00e9diterran\u00e9e, et en particulier dans les Bal\u00e9ares, ne sont pas fortes et sont \u00e0 peine perceptibles. La mar\u00e9e se produit \u00e0 environ minuit et continue jusqu&rsquo;au midi le lendemain. Au contraire, les mar\u00e9es hautes n&rsquo;ont pas d&rsquo;horaires concr\u00e8tement \u00e9tablis. Cependant, elles se produisent g\u00e9n\u00e9ralement vers six heures du matin et six heures du soir, avant le coucher du soleil.<\/p>\n\n\n\n<p>Lorsque vous jetez l&rsquo;ancre, il est essentiel de choisir un fond appropri\u00e9. Si vous ancrez sur des posidonies (algues), cela peut endommager la plante et entra\u00eener une faible adh\u00e9rence pour l&rsquo;ancre. Cela cr\u00e9e un risque \u00e9lev\u00e9, car l&rsquo;ancre pourrait ne pas \u00eatre solidement fix\u00e9e au fond et finir par d\u00e9river.<\/p>\n\n\n\n<p>Minorque est un peu sp\u00e9ciale, parce qu&rsquo;il s&rsquo;y produit un ph\u00e9nom\u00e8ne m\u00e9t\u00e9orologique unique\u00a0: la Risagga. Concr\u00e8tement, il s&rsquo;agit d&rsquo;une oscillation de la mer dans certains ports et criques, caus\u00e9e par de vents forts dans la troposph\u00e8re et un air chaud \u00e0 bas niveau dans l&rsquo;atmosph\u00e8re, qui provoquent de mani\u00e8re brusque une mont\u00e9e et une descente du niveau de la mer. Cela ne se produit pas souvent, mais vous devez vous\u00a0informer si cela se produit afin de profiter de vos vacances \u00e0 bord d&rsquo;un bateau.<\/p>\n\n\n\n<p>En g\u00e9n\u00e9ral, les mar\u00e9es ne sont pas une raison de s&rsquo;inqui\u00e9ter si vous d\u00e9cidez de louer un <a href=\"https:\/\/www.nautal.fr\/location-bateau-iles-baleares\">bateau dans les \u00eeles Bal\u00e9ares<\/a>.<\/p>\n\n\n\n<figure class=\"wp-block-image size-large\"><img decoding=\"async\" loading=\"lazy\" width=\"1160\" height=\"773\" src=\"https:\/\/blog.nautal.com\/fr\/wp-content\/uploads\/2023\/10\/Iles-Baleares-formentera-1160x773.jpeg\" alt=\"\" class=\"wp-image-5610\" srcset=\"https:\/\/blog.nautal.com\/fr\/wp-content\/uploads\/2023\/10\/Iles-Baleares-formentera-1160x773.jpeg 1160w, https:\/\/blog.nautal.com\/fr\/wp-content\/uploads\/2023\/10\/Iles-Baleares-formentera-800x533.jpeg 800w, https:\/\/blog.nautal.com\/fr\/wp-content\/uploads\/2023\/10\/Iles-Baleares-formentera-1536x1023.jpeg 1536w, https:\/\/blog.nautal.com\/fr\/wp-content\/uploads\/2023\/10\/Iles-Baleares-formentera-2048x1364.jpeg 2048w, https:\/\/blog.nautal.com\/fr\/wp-content\/uploads\/2023\/10\/Iles-Baleares-formentera-320x213.jpeg 320w, https:\/\/blog.nautal.com\/fr\/wp-content\/uploads\/2023\/10\/Iles-Baleares-formentera-560x373.jpeg 560w, https:\/\/blog.nautal.com\/fr\/wp-content\/uploads\/2023\/10\/Iles-Baleares-formentera-1920x1279.jpeg 1920w, https:\/\/blog.nautal.com\/fr\/wp-content\/uploads\/2023\/10\/Iles-Baleares-formentera-scaled.jpeg 2560w\" sizes=\"(max-width: 1160px) 100vw, 1160px\" \/><\/figure>\n\n\n\n<p>Il est tr\u00e8s important, afin de continuer \u00e0 profiter de cet endroit merveilleux, d&rsquo;\u00eatre respectueux&nbsp;et de ne pas jeter les d\u00e9chets dans la mer, ou de salir les belles plages de sable blanc entourant les \u00eeles.<\/p>\n\n\n\n<p>Parcourir toutes les \u00eeles qui composent l&rsquo;archipel \u00e0 bord d&rsquo;un bateau en location est une exp\u00e9rience unique. Il n&rsquo;est pas n\u00e9cessaire de se d\u00e9placer autour de toutes les \u00eeles pendant les m\u00eames vacances . Chaque ann\u00e9e vous pouvez planifier un itin\u00e9raire diff\u00e9rent pour chacune d&rsquo;entre elles pour\u00a0qu&rsquo;il vous reste toujours des endroits fantastiques \u00e0 d\u00e9couvrir.<\/p>\n","protected":false},"excerpt":{"rendered":"<div class=\"post-excerpt\">La meilleure fa\u00e7on de voir les \u00eeles Bal\u00e9ares : sur un bateau en location L&rsquo;archipel des Bal\u00e9ares, situ\u00e9 \u00e0 l&rsquo;est de la p\u00e9ninsule ib\u00e9rique, est compos\u00e9 de deux ensembles d&rsquo;\u00eeles&hellip;<\/div>\n<div class=\"post-more\"><a href=\"https:\/\/blog.nautal.com\/fr\/majorque-minorque-ibiza-et-formentera\/\" class=\"button button-primary button-effect\"><span>EN SAVOIR PLUS<\/span><span><i class=\"cs-icon cs-icon-arrow-right\"><\/i><\/span><\/a><\/div>\n","protected":false},"author":34,"featured_media":5589,"comment_status":"open","ping_status":"open","sticky":false,"template":"","format":"standard","meta":[],"categories":[3],"tags":[],"yoast_head":"<!-- This site is optimized with the Yoast SEO plugin v19.10 - https:\/\/yoast.com\/wordpress\/plugins\/seo\/ -->\n<title>Majorque, Minorque, Ibiza et Formentera - Blog Nautal<\/title>\n<meta name=\"description\" content=\"La meilleure solution pour d\u00e9couvrir les \u00eeles Bal\u00e9ares est sans doute le bateau. Nautal vous pr\u00e9sente ces paradis accessibles par la mer.\" \/>\n<meta name=\"robots\" content=\"index, follow, max-snippet:-1, max-image-preview:large, max-video-preview:-1\" \/>\n<link rel=\"canonical\" href=\"https:\/\/blog.nautal.com\/fr\/majorque-minorque-ibiza-et-formentera\/\" \/>\n<meta property=\"og:locale\" content=\"fr_FR\" \/>\n<meta property=\"og:type\" content=\"article\" \/>\n<meta property=\"og:title\" content=\"Majorque, Minorque, Ibiza et Formentera - Blog Nautal\" \/>\n<meta property=\"og:description\" content=\"La meilleure solution pour d\u00e9couvrir les \u00eeles Bal\u00e9ares est sans doute le bateau. Nautal vous pr\u00e9sente ces paradis accessibles par la mer.\" \/>\n<meta property=\"og:url\" content=\"https:\/\/blog.nautal.com\/fr\/majorque-minorque-ibiza-et-formentera\/\" \/>\n<meta property=\"og:site_name\" content=\"Le blog de Nautal | Toute l&#039;information autour de la location de bateau\" \/>\n<meta property=\"article:publisher\" content=\"https:\/\/www.facebook.com\/ClickandboatEN\/\" \/>\n<meta property=\"article:published_time\" content=\"2023-09-28T15:06:00+00:00\" \/>\n<meta property=\"article:modified_time\" content=\"2023-10-09T15:16:30+00:00\" \/>\n<meta property=\"og:image\" content=\"https:\/\/blog.nautal.com\/fr\/wp-content\/uploads\/2023\/10\/Baleares-Menorca-Nautal.jpeg\" \/>\n\t<meta property=\"og:image:width\" content=\"2120\" \/>\n\t<meta property=\"og:image:height\" content=\"1415\" \/>\n\t<meta property=\"og:image:type\" content=\"image\/jpeg\" \/>\n<meta name=\"author\" content=\"Bastien\" \/>\n<meta name=\"twitter:card\" content=\"summary_large_image\" \/>\n<meta name=\"twitter:creator\" content=\"@ClickandBoat\" \/>\n<meta name=\"twitter:site\" content=\"@ClickandBoat\" \/>\n<meta name=\"twitter:label1\" content=\"Written by\" \/>\n\t<meta name=\"twitter:data1\" content=\"Bastien\" \/>\n\t<meta name=\"twitter:label2\" content=\"Est. reading time\" \/>\n\t<meta name=\"twitter:data2\" content=\"8 minutes\" \/>\n<script type=\"application\/ld+json\" class=\"yoast-schema-graph\">{\"@context\":\"https:\/\/schema.org\",\"@graph\":[{\"@type\":\"Article\",\"@id\":\"https:\/\/blog.nautal.com\/fr\/majorque-minorque-ibiza-et-formentera\/#article\",\"isPartOf\":{\"@id\":\"https:\/\/blog.nautal.com\/fr\/majorque-minorque-ibiza-et-formentera\/\"},\"author\":{\"name\":\"Bastien\",\"@id\":\"https:\/\/blog.nautal.com\/fr\/#\/schema\/person\/e93f117405448e29d9de240b468df13f\"},\"headline\":\"Majorque, Minorque, Ibiza et Formentera\",\"datePublished\":\"2023-09-28T15:06:00+00:00\",\"dateModified\":\"2023-10-09T15:16:30+00:00\",\"mainEntityOfPage\":{\"@id\":\"https:\/\/blog.nautal.com\/fr\/majorque-minorque-ibiza-et-formentera\/\"},\"wordCount\":1580,\"commentCount\":0,\"publisher\":{\"@id\":\"https:\/\/blog.nautal.com\/fr\/#organization\"},\"articleSection\":[\"Destinations &amp; Itin\u00e9raires\"],\"inLanguage\":\"fr-FR\",\"potentialAction\":[{\"@type\":\"CommentAction\",\"name\":\"Comment\",\"target\":[\"https:\/\/blog.nautal.com\/fr\/majorque-minorque-ibiza-et-formentera\/#respond\"]}]},{\"@type\":\"WebPage\",\"@id\":\"https:\/\/blog.nautal.com\/fr\/majorque-minorque-ibiza-et-formentera\/\",\"url\":\"https:\/\/blog.nautal.com\/fr\/majorque-minorque-ibiza-et-formentera\/\",\"name\":\"Majorque, Minorque, Ibiza et Formentera - Blog Nautal\",\"isPartOf\":{\"@id\":\"https:\/\/blog.nautal.com\/fr\/#website\"},\"datePublished\":\"2023-09-28T15:06:00+00:00\",\"dateModified\":\"2023-10-09T15:16:30+00:00\",\"description\":\"La meilleure solution pour d\u00e9couvrir les \u00eeles Bal\u00e9ares est sans doute le bateau. Nautal vous pr\u00e9sente ces paradis accessibles par la mer.\",\"breadcrumb\":{\"@id\":\"https:\/\/blog.nautal.com\/fr\/majorque-minorque-ibiza-et-formentera\/#breadcrumb\"},\"inLanguage\":\"fr-FR\",\"potentialAction\":[{\"@type\":\"ReadAction\",\"target\":[\"https:\/\/blog.nautal.com\/fr\/majorque-minorque-ibiza-et-formentera\/\"]}]},{\"@type\":\"BreadcrumbList\",\"@id\":\"https:\/\/blog.nautal.com\/fr\/majorque-minorque-ibiza-et-formentera\/#breadcrumb\",\"itemListElement\":[{\"@type\":\"ListItem\",\"position\":1,\"name\":\"Homepage\",\"item\":\"https:\/\/blog.nautal.com\/fr\/\"},{\"@type\":\"ListItem\",\"position\":2,\"name\":\"Majorque, Minorque, Ibiza et Formentera\"}]},{\"@type\":\"WebSite\",\"@id\":\"https:\/\/blog.nautal.com\/fr\/#website\",\"url\":\"https:\/\/blog.nautal.com\/fr\/\",\"name\":\"Le blog de Nautal | Toute l&#039;information autour de la location de bateau\",\"description\":\"Maintenant, naviguer est \u00e0 la port\u00e9e de tous !\",\"publisher\":{\"@id\":\"https:\/\/blog.nautal.com\/fr\/#organization\"},\"potentialAction\":[{\"@type\":\"SearchAction\",\"target\":{\"@type\":\"EntryPoint\",\"urlTemplate\":\"https:\/\/blog.nautal.com\/fr\/?s={search_term_string}\"},\"query-input\":\"required name=search_term_string\"}],\"inLanguage\":\"fr-FR\"},{\"@type\":\"Organization\",\"@id\":\"https:\/\/blog.nautal.com\/fr\/#organization\",\"name\":\"Le blog de Nautal | Toute l&#039;information autour de la location de bateau\",\"alternateName\":\"Nautal\",\"url\":\"https:\/\/blog.nautal.com\/fr\/\",\"logo\":{\"@type\":\"ImageObject\",\"inLanguage\":\"fr-FR\",\"@id\":\"https:\/\/blog.nautal.com\/fr\/#\/schema\/logo\/image\/\",\"url\":\"https:\/\/blog.nautal.com\/fr\/wp-content\/uploads\/2022\/11\/Logo-Nautal.png\",\"contentUrl\":\"https:\/\/blog.nautal.com\/fr\/wp-content\/uploads\/2022\/11\/Logo-Nautal.png\",\"width\":2142,\"height\":420,\"caption\":\"Le blog de Nautal | Toute l&#039;information autour de la location de bateau\"},\"image\":{\"@id\":\"https:\/\/blog.nautal.com\/fr\/#\/schema\/logo\/image\/\"},\"sameAs\":[\"http:\/\/clickandboat\",\"https:\/\/www.linkedin.com\/company\/5109175?trk=prof-exp-company-name\",\"https:\/\/www.pinterest.com\/clickandboat\/\",\"https:\/\/www.youtube.com\/channel\/UCkeHDxXX7qQETPMQgFZ7Lqw\",\"https:\/\/www.facebook.com\/ClickandboatEN\/\",\"https:\/\/twitter.com\/ClickandBoat\"]},{\"@type\":\"Person\",\"@id\":\"https:\/\/blog.nautal.com\/fr\/#\/schema\/person\/e93f117405448e29d9de240b468df13f\",\"name\":\"Bastien\",\"image\":{\"@type\":\"ImageObject\",\"inLanguage\":\"fr-FR\",\"@id\":\"https:\/\/blog.nautal.com\/fr\/#\/schema\/person\/image\/\",\"url\":\"https:\/\/secure.gravatar.com\/avatar\/90b64dfa7d883985b332b007ed4698ea?s=96&d=mm&r=g\",\"contentUrl\":\"https:\/\/secure.gravatar.com\/avatar\/90b64dfa7d883985b332b007ed4698ea?s=96&d=mm&r=g\",\"caption\":\"Bastien\"}}]}<\/script>\n<!-- \/ Yoast SEO plugin. -->","yoast_head_json":{"title":"Majorque, Minorque, Ibiza et Formentera - Blog Nautal","description":"La meilleure solution pour d\u00e9couvrir les \u00eeles Bal\u00e9ares est sans doute le bateau. Nautal vous pr\u00e9sente ces paradis accessibles par la mer.","robots":{"index":"index","follow":"follow","max-snippet":"max-snippet:-1","max-image-preview":"max-image-preview:large","max-video-preview":"max-video-preview:-1"},"canonical":"https:\/\/blog.nautal.com\/fr\/majorque-minorque-ibiza-et-formentera\/","og_locale":"fr_FR","og_type":"article","og_title":"Majorque, Minorque, Ibiza et Formentera - Blog Nautal","og_description":"La meilleure solution pour d\u00e9couvrir les \u00eeles Bal\u00e9ares est sans doute le bateau. Nautal vous pr\u00e9sente ces paradis accessibles par la mer.","og_url":"https:\/\/blog.nautal.com\/fr\/majorque-minorque-ibiza-et-formentera\/","og_site_name":"Le blog de Nautal | Toute l&#039;information autour de la location de bateau","article_publisher":"https:\/\/www.facebook.com\/ClickandboatEN\/","article_published_time":"2023-09-28T15:06:00+00:00","article_modified_time":"2023-10-09T15:16:30+00:00","og_image":[{"width":2120,"height":1415,"url":"https:\/\/blog.nautal.com\/fr\/wp-content\/uploads\/2023\/10\/Baleares-Menorca-Nautal.jpeg","type":"image\/jpeg"}],"author":"Bastien","twitter_card":"summary_large_image","twitter_creator":"@ClickandBoat","twitter_site":"@ClickandBoat","twitter_misc":{"Written by":"Bastien","Est. reading time":"8 minutes"},"schema":{"@context":"https:\/\/schema.org","@graph":[{"@type":"Article","@id":"https:\/\/blog.nautal.com\/fr\/majorque-minorque-ibiza-et-formentera\/#article","isPartOf":{"@id":"https:\/\/blog.nautal.com\/fr\/majorque-minorque-ibiza-et-formentera\/"},"author":{"name":"Bastien","@id":"https:\/\/blog.nautal.com\/fr\/#\/schema\/person\/e93f117405448e29d9de240b468df13f"},"headline":"Majorque, Minorque, Ibiza et Formentera","datePublished":"2023-09-28T15:06:00+00:00","dateModified":"2023-10-09T15:16:30+00:00","mainEntityOfPage":{"@id":"https:\/\/blog.nautal.com\/fr\/majorque-minorque-ibiza-et-formentera\/"},"wordCount":1580,"commentCount":0,"publisher":{"@id":"https:\/\/blog.nautal.com\/fr\/#organization"},"articleSection":["Destinations &amp; Itin\u00e9raires"],"inLanguage":"fr-FR","potentialAction":[{"@type":"CommentAction","name":"Comment","target":["https:\/\/blog.nautal.com\/fr\/majorque-minorque-ibiza-et-formentera\/#respond"]}]},{"@type":"WebPage","@id":"https:\/\/blog.nautal.com\/fr\/majorque-minorque-ibiza-et-formentera\/","url":"https:\/\/blog.nautal.com\/fr\/majorque-minorque-ibiza-et-formentera\/","name":"Majorque, Minorque, Ibiza et Formentera - Blog Nautal","isPartOf":{"@id":"https:\/\/blog.nautal.com\/fr\/#website"},"datePublished":"2023-09-28T15:06:00+00:00","dateModified":"2023-10-09T15:16:30+00:00","description":"La meilleure solution pour d\u00e9couvrir les \u00eeles Bal\u00e9ares est sans doute le bateau. Nautal vous pr\u00e9sente ces paradis accessibles par la mer.","breadcrumb":{"@id":"https:\/\/blog.nautal.com\/fr\/majorque-minorque-ibiza-et-formentera\/#breadcrumb"},"inLanguage":"fr-FR","potentialAction":[{"@type":"ReadAction","target":["https:\/\/blog.nautal.com\/fr\/majorque-minorque-ibiza-et-formentera\/"]}]},{"@type":"BreadcrumbList","@id":"https:\/\/blog.nautal.com\/fr\/majorque-minorque-ibiza-et-formentera\/#breadcrumb","itemListElement":[{"@type":"ListItem","position":1,"name":"Homepage","item":"https:\/\/blog.nautal.com\/fr\/"},{"@type":"ListItem","position":2,"name":"Majorque, Minorque, Ibiza et Formentera"}]},{"@type":"WebSite","@id":"https:\/\/blog.nautal.com\/fr\/#website","url":"https:\/\/blog.nautal.com\/fr\/","name":"Le blog de Nautal | Toute l&#039;information autour de la location de bateau","description":"Maintenant, naviguer est \u00e0 la port\u00e9e de tous !","publisher":{"@id":"https:\/\/blog.nautal.com\/fr\/#organization"},"potentialAction":[{"@type":"SearchAction","target":{"@type":"EntryPoint","urlTemplate":"https:\/\/blog.nautal.com\/fr\/?s={search_term_string}"},"query-input":"required name=search_term_string"}],"inLanguage":"fr-FR"},{"@type":"Organization","@id":"https:\/\/blog.nautal.com\/fr\/#organization","name":"Le blog de Nautal | Toute l&#039;information autour de la location de bateau","alternateName":"Nautal","url":"https:\/\/blog.nautal.com\/fr\/","logo":{"@type":"ImageObject","inLanguage":"fr-FR","@id":"https:\/\/blog.nautal.com\/fr\/#\/schema\/logo\/image\/","url":"https:\/\/blog.nautal.com\/fr\/wp-content\/uploads\/2022\/11\/Logo-Nautal.png","contentUrl":"https:\/\/blog.nautal.com\/fr\/wp-content\/uploads\/2022\/11\/Logo-Nautal.png","width":2142,"height":420,"caption":"Le blog de Nautal | Toute l&#039;information autour de la location de bateau"},"image":{"@id":"https:\/\/blog.nautal.com\/fr\/#\/schema\/logo\/image\/"},"sameAs":["http:\/\/clickandboat","https:\/\/www.linkedin.com\/company\/5109175?trk=prof-exp-company-name","https:\/\/www.pinterest.com\/clickandboat\/","https:\/\/www.youtube.com\/channel\/UCkeHDxXX7qQETPMQgFZ7Lqw","https:\/\/www.facebook.com\/ClickandboatEN\/","https:\/\/twitter.com\/ClickandBoat"]},{"@type":"Person","@id":"https:\/\/blog.nautal.com\/fr\/#\/schema\/person\/e93f117405448e29d9de240b468df13f","name":"Bastien","image":{"@type":"ImageObject","inLanguage":"fr-FR","@id":"https:\/\/blog.nautal.com\/fr\/#\/schema\/person\/image\/","url":"https:\/\/secure.gravatar.com\/avatar\/90b64dfa7d883985b332b007ed4698ea?s=96&d=mm&r=g","contentUrl":"https:\/\/secure.gravatar.com\/avatar\/90b64dfa7d883985b332b007ed4698ea?s=96&d=mm&r=g","caption":"Bastien"}}]}},"_links":{"self":[{"href":"https:\/\/blog.nautal.com\/fr\/wp-json\/wp\/v2\/posts\/187"}],"collection":[{"href":"https:\/\/blog.nautal.com\/fr\/wp-json\/wp\/v2\/posts"}],"about":[{"href":"https:\/\/blog.nautal.com\/fr\/wp-json\/wp\/v2\/types\/post"}],"author":[{"embeddable":true,"href":"https:\/\/blog.nautal.com\/fr\/wp-json\/wp\/v2\/users\/34"}],"replies":[{"embeddable":true,"href":"https:\/\/blog.nautal.com\/fr\/wp-json\/wp\/v2\/comments?post=187"}],"version-history":[{"count":15,"href":"https:\/\/blog.nautal.com\/fr\/wp-json\/wp\/v2\/posts\/187\/revisions"}],"predecessor-version":[{"id":5612,"href":"https:\/\/blog.nautal.com\/fr\/wp-json\/wp\/v2\/posts\/187\/revisions\/5612"}],"wp:featuredmedia":[{"embeddable":true,"href":"https:\/\/blog.nautal.com\/fr\/wp-json\/wp\/v2\/media\/5589"}],"wp:attachment":[{"href":"https:\/\/blog.nautal.com\/fr\/wp-json\/wp\/v2\/media?parent=187"}],"wp:term":[{"taxonomy":"category","embeddable":true,"href":"https:\/\/blog.nautal.com\/fr\/wp-json\/wp\/v2\/categories?post=187"},{"taxonomy":"post_tag","embeddable":true,"href":"https:\/\/blog.nautal.com\/fr\/wp-json\/wp\/v2\/tags?post=187"}],"curies":[{"name":"wp","href":"https:\/\/api.w.org\/{rel}","templated":true}]}}