{"id":986,"date":"2016-07-07T08:29:21","date_gmt":"2016-07-07T06:29:21","guid":{"rendered":"https:\/\/blog.nautal.com\/es\/?p=986"},"modified":"2023-02-17T15:24:51","modified_gmt":"2023-02-17T14:24:51","slug":"nuevo-decreto-balear-del-charter-nautico","status":"publish","type":"post","link":"https:\/\/blog.nautal.com\/es\/nuevo-decreto-balear-del-charter-nautico\/","title":{"rendered":"Nuevo decreto balear del ch\u00e1rter n\u00e1utico"},"content":{"rendered":"<p style=\"text-align: justify;\">El pasado 18 de junio de 2016 el Govern Balear ha hecho p\u00fablico el futuro decreto regulador de la actividad relacionada con el alquiler de embarcaciones y buques de recreo, es decir, el conocido ch\u00e1rter n\u00e1utico. Este nuevo decreto entrar\u00e1 en vigor al d\u00eda siguiente de ser publicado en el BOIB (Bolet\u00edn Oficial de les Illes Balears) aproximadamente en dos meses tras analizar aquellas alegaciones que se presenten durante el tr\u00e1mite de audiencia.<\/p>\n<p style=\"text-align: justify;\"><!--more--><\/p>\n<p style=\"text-align: justify;\">Por un lado, una de las ventajas de este nuevo Decreto Balear es la unificaci\u00f3n en un solo texto de la normativa, ya que hasta ahora estaba en varios textos y desactualizada terminol\u00f3gicamente, especialmente desde la entrada en vigor el pasado 25 de septiembre de 2014 de la Ley 14\/2014, de 24 de julio, de Navegaci\u00f3n Mar\u00edtima. Es de gran ayuda para aquellos que se dedican al mundo n\u00e1utico encontrar la normativa unificada y actualizada.<\/p>\n<p style=\"text-align: justify;\">Paralelamente se mantiene la circular 1\/2014 de 26 de agosto, donde se confirma la posibilidad de alquilar buques y embarcaciones de recreo registradas en pa\u00edses que no pertenezcan a la Uni\u00f3n Europea o sean pertenecientes al Acuerdo sobre el Espacio Econ\u00f3mico Europeo (EEE). En estas mismas embarcaciones, se generaliza el r\u00e9gimen de declaraci\u00f3n responsable.<\/p>\n<p style=\"text-align: justify;\">Si bien se reconoce que no es estrictamente un arrendamiento, se admite la posibilidad de que las embarcaciones se comercialicen tambi\u00e9n por plazas, siempre que sea con tripulaci\u00f3n a bordo.<\/p>\n<p style=\"text-align: justify;\">Otra ventaja a destacar para los arrendadores es que la documentaci\u00f3n necesaria para poder realizar los alquileres siguen siendo las mismas y hasta el momento no es necesaria la traducci\u00f3n de aquellos provenientes en lengua extranjera. S\u00f3lo en caso de ser exigido por la administraci\u00f3n, la documentaci\u00f3n en ese caso s\u00ed que deber\u00e1 ser traducida. Los documentos p\u00fablicos deber\u00e1n estar jurados y apostillados debidamente.<\/p>\n<p style=\"text-align: justify;\">Todas las declaraciones responsables, as\u00ed como las renovaciones que sean solicitadas a partir del 1 de enero de 2017, tendr\u00e1n una validez de dos a\u00f1os. Hasta el momento ten\u00edan una duraci\u00f3n de un a\u00f1o, dando mayor duraci\u00f3n a los arrendadores.<\/p>\n<p style=\"text-align: justify;\">Como novedad, este nuevo decreto incorpora al ch\u00e1rter n\u00e1utico a aquellas embarcaciones y buques inscritos en el Registro Especial de Buques y Empresas Navieras (Canarias).<\/p>\n<p style=\"text-align: justify;\">Para finalizar, esto ha dado lugar al Registro Balear de Arrendadores, Embarcaciones y Buques de Recreo, siendo un registro p\u00fablico auton\u00f3mico de car\u00e1cter administrativo en el cual aparecer\u00e1n aquellas empresas que hayan realizado la declaraci\u00f3n responsable y las embarcaciones y buques declarados. Este registro es de suma importancia ya que tiene como objetivo controlar el ch\u00e1rter ilegal, haciendo hincapi\u00e9 en embarcaciones de menor eslora. Todos aquellos que deseen realizar ch\u00e1rteres en Baleares deber\u00e1n constar en este registro.<\/p>\n<p style=\"text-align: justify;\">En resumen, este nuevo decreto simplifica y unifica haciendo m\u00e1s f\u00e1cil y sencillo acceder a la normativa del ch\u00e1rter n\u00e1utico. Por otro lado agilizan los procesos de documentaci\u00f3n y a partir de 2017 alargar un a\u00f1o m\u00e1s su vigencia. Son avances para la n\u00e1utica muy positivos ofreciendo ventajas a aquellos que disfrutan de este sector.<\/p>\n<p style=\"text-align: justify;\">Para acceder al art\u00edculo de Miguel \u00c1ngel, asesor fiscal de ANEN al completo el cu\u00e1l a\u00fana y detalla toda la informaci\u00f3n acerca de este nuevo decreto: <a href=\"http:\/\/www.anen.es\/download\/general\/documentacion_general\/Nuevo-decreto-balear_charter-nautico.pdf\" rel=\"nofollow\">http:\/\/www.anen.es\/download\/general\/documentacion_general\/Nuevo-decreto-balear_charter-nautico.pdf<\/a><\/p>\n","protected":false},"excerpt":{"rendered":"<div class=\"post-excerpt\">El pasado 18 de junio de 2016 el Govern Balear ha hecho p\u00fablico el futuro decreto regulador de la actividad relacionada con el alquiler de embarcaciones y buques de recreo,&hellip;<\/div>\n<div class=\"post-more\"><a href=\"https:\/\/blog.nautal.com\/es\/nuevo-decreto-balear-del-charter-nautico\/\" class=\"button button-primary button-effect\"><span>LEER M\u00c1S<\/span><span><i class=\"cs-icon cs-icon-arrow-right\"><\/i><\/span><\/a><\/div>\n","protected":false},"author":31,"featured_media":639,"comment_status":"open","ping_status":"open","sticky":false,"template":"","format":"standard","meta":[],"categories":[14],"tags":[],"yoast_head":"<!-- This site is optimized with the Yoast SEO plugin v19.10 - https:\/\/yoast.com\/wordpress\/plugins\/seo\/ -->\n<title>Nuevo decreto balear del ch\u00e1rter n\u00e1utico - El blog de Nautal<\/title>\n<meta name=\"description\" content=\"El nuevo decreto balear del charter n\u00e1utico ofrece diversas ventajas a los arrendatarios en cuanto a la normativa a la que est\u00e1n expuestos.\" \/>\n<meta name=\"robots\" content=\"index, follow, max-snippet:-1, max-image-preview:large, max-video-preview:-1\" \/>\n<link rel=\"canonical\" href=\"https:\/\/blog.nautal.com\/es\/nuevo-decreto-balear-del-charter-nautico\/\" \/>\n<meta property=\"og:locale\" content=\"es_ES\" \/>\n<meta property=\"og:type\" content=\"article\" \/>\n<meta property=\"og:title\" content=\"Nuevo decreto balear del ch\u00e1rter n\u00e1utico - El blog de Nautal\" \/>\n<meta property=\"og:description\" content=\"El nuevo decreto balear del charter n\u00e1utico ofrece diversas ventajas a los arrendatarios en cuanto a la normativa a la que est\u00e1n expuestos.\" \/>\n<meta property=\"og:url\" content=\"https:\/\/blog.nautal.com\/es\/nuevo-decreto-balear-del-charter-nautico\/\" \/>\n<meta property=\"og:site_name\" content=\"El blog de Nautal | Toda la informaci\u00f3n sobre el alquiler de barcos\" \/>\n<meta property=\"article:publisher\" content=\"https:\/\/www.facebook.com\/ClickandboatEN\/\" \/>\n<meta property=\"article:published_time\" content=\"2016-07-07T06:29:21+00:00\" \/>\n<meta property=\"article:modified_time\" content=\"2023-02-17T14:24:51+00:00\" \/>\n<meta property=\"og:image\" content=\"https:\/\/blog.nautal.com\/es\/wp-content\/uploads\/2015\/06\/Yate.png\" \/>\n\t<meta property=\"og:image:width\" content=\"515\" \/>\n\t<meta property=\"og:image:height\" content=\"386\" \/>\n\t<meta property=\"og:image:type\" content=\"image\/png\" \/>\n<meta name=\"author\" content=\"Berta\" \/>\n<meta name=\"twitter:card\" content=\"summary_large_image\" \/>\n<meta name=\"twitter:creator\" content=\"@ClickandBoat\" \/>\n<meta name=\"twitter:site\" content=\"@ClickandBoat\" \/>\n<meta name=\"twitter:label1\" content=\"Written by\" \/>\n\t<meta name=\"twitter:data1\" content=\"Berta\" \/>\n\t<meta name=\"twitter:label2\" content=\"Est. reading time\" \/>\n\t<meta name=\"twitter:data2\" content=\"3 minutos\" \/>\n<script type=\"application\/ld+json\" class=\"yoast-schema-graph\">{\"@context\":\"https:\/\/schema.org\",\"@graph\":[{\"@type\":\"WebPage\",\"@id\":\"https:\/\/blog.nautal.com\/es\/nuevo-decreto-balear-del-charter-nautico\/\",\"url\":\"https:\/\/blog.nautal.com\/es\/nuevo-decreto-balear-del-charter-nautico\/\",\"name\":\"Nuevo decreto balear del ch\u00e1rter n\u00e1utico - El blog de Nautal\",\"isPartOf\":{\"@id\":\"https:\/\/blog.nautal.com\/es\/#website\"},\"datePublished\":\"2016-07-07T06:29:21+00:00\",\"dateModified\":\"2023-02-17T14:24:51+00:00\",\"author\":{\"@id\":\"https:\/\/blog.nautal.com\/es\/#\/schema\/person\/97d72e5d95c051f76cc281765a684936\"},\"description\":\"El nuevo decreto balear del charter n\u00e1utico ofrece diversas ventajas a los arrendatarios en cuanto a la normativa a la que est\u00e1n expuestos.\",\"breadcrumb\":{\"@id\":\"https:\/\/blog.nautal.com\/es\/nuevo-decreto-balear-del-charter-nautico\/#breadcrumb\"},\"inLanguage\":\"es\",\"potentialAction\":[{\"@type\":\"ReadAction\",\"target\":[\"https:\/\/blog.nautal.com\/es\/nuevo-decreto-balear-del-charter-nautico\/\"]}]},{\"@type\":\"BreadcrumbList\",\"@id\":\"https:\/\/blog.nautal.com\/es\/nuevo-decreto-balear-del-charter-nautico\/#breadcrumb\",\"itemListElement\":[{\"@type\":\"ListItem\",\"position\":1,\"name\":\"Homepage\",\"item\":\"https:\/\/blog.nautal.com\/es\/\"},{\"@type\":\"ListItem\",\"position\":2,\"name\":\"Nuevo decreto balear del ch\u00e1rter n\u00e1utico\"}]},{\"@type\":\"WebSite\",\"@id\":\"https:\/\/blog.nautal.com\/es\/#website\",\"url\":\"https:\/\/blog.nautal.com\/es\/\",\"name\":\"El blog de Nautal | Toda la informaci\u00f3n sobre el alquiler de barcos\",\"description\":\"Ahora la navegaci\u00f3n est\u00e1 al alcance de todos.\",\"potentialAction\":[{\"@type\":\"SearchAction\",\"target\":{\"@type\":\"EntryPoint\",\"urlTemplate\":\"https:\/\/blog.nautal.com\/es\/?s={search_term_string}\"},\"query-input\":\"required name=search_term_string\"}],\"inLanguage\":\"es\"},{\"@type\":\"Person\",\"@id\":\"https:\/\/blog.nautal.com\/es\/#\/schema\/person\/97d72e5d95c051f76cc281765a684936\",\"name\":\"Berta\",\"image\":{\"@type\":\"ImageObject\",\"inLanguage\":\"es\",\"@id\":\"https:\/\/blog.nautal.com\/es\/#\/schema\/person\/image\/\",\"url\":\"https:\/\/secure.gravatar.com\/avatar\/b673f23c5f2bbfa5f5769722f63bbe11?s=96&d=mm&r=g\",\"contentUrl\":\"https:\/\/secure.gravatar.com\/avatar\/b673f23c5f2bbfa5f5769722f63bbe11?s=96&d=mm&r=g\",\"caption\":\"Berta\"}}]}<\/script>\n<!-- \/ Yoast SEO plugin. -->","yoast_head_json":{"title":"Nuevo decreto balear del ch\u00e1rter n\u00e1utico - El blog de Nautal","description":"El nuevo decreto balear del charter n\u00e1utico ofrece diversas ventajas a los arrendatarios en cuanto a la normativa a la que est\u00e1n expuestos.","robots":{"index":"index","follow":"follow","max-snippet":"max-snippet:-1","max-image-preview":"max-image-preview:large","max-video-preview":"max-video-preview:-1"},"canonical":"https:\/\/blog.nautal.com\/es\/nuevo-decreto-balear-del-charter-nautico\/","og_locale":"es_ES","og_type":"article","og_title":"Nuevo decreto balear del ch\u00e1rter n\u00e1utico - El blog de Nautal","og_description":"El nuevo decreto balear del charter n\u00e1utico ofrece diversas ventajas a los arrendatarios en cuanto a la normativa a la que est\u00e1n expuestos.","og_url":"https:\/\/blog.nautal.com\/es\/nuevo-decreto-balear-del-charter-nautico\/","og_site_name":"El blog de Nautal | Toda la informaci\u00f3n sobre el alquiler de barcos","article_publisher":"https:\/\/www.facebook.com\/ClickandboatEN\/","article_published_time":"2016-07-07T06:29:21+00:00","article_modified_time":"2023-02-17T14:24:51+00:00","og_image":[{"width":515,"height":386,"url":"https:\/\/blog.nautal.com\/es\/wp-content\/uploads\/2015\/06\/Yate.png","type":"image\/png"}],"author":"Berta","twitter_card":"summary_large_image","twitter_creator":"@ClickandBoat","twitter_site":"@ClickandBoat","twitter_misc":{"Written by":"Berta","Est. reading time":"3 minutos"},"schema":{"@context":"https:\/\/schema.org","@graph":[{"@type":"WebPage","@id":"https:\/\/blog.nautal.com\/es\/nuevo-decreto-balear-del-charter-nautico\/","url":"https:\/\/blog.nautal.com\/es\/nuevo-decreto-balear-del-charter-nautico\/","name":"Nuevo decreto balear del ch\u00e1rter n\u00e1utico - El blog de Nautal","isPartOf":{"@id":"https:\/\/blog.nautal.com\/es\/#website"},"datePublished":"2016-07-07T06:29:21+00:00","dateModified":"2023-02-17T14:24:51+00:00","author":{"@id":"https:\/\/blog.nautal.com\/es\/#\/schema\/person\/97d72e5d95c051f76cc281765a684936"},"description":"El nuevo decreto balear del charter n\u00e1utico ofrece diversas ventajas a los arrendatarios en cuanto a la normativa a la que est\u00e1n expuestos.","breadcrumb":{"@id":"https:\/\/blog.nautal.com\/es\/nuevo-decreto-balear-del-charter-nautico\/#breadcrumb"},"inLanguage":"es","potentialAction":[{"@type":"ReadAction","target":["https:\/\/blog.nautal.com\/es\/nuevo-decreto-balear-del-charter-nautico\/"]}]},{"@type":"BreadcrumbList","@id":"https:\/\/blog.nautal.com\/es\/nuevo-decreto-balear-del-charter-nautico\/#breadcrumb","itemListElement":[{"@type":"ListItem","position":1,"name":"Homepage","item":"https:\/\/blog.nautal.com\/es\/"},{"@type":"ListItem","position":2,"name":"Nuevo decreto balear del ch\u00e1rter n\u00e1utico"}]},{"@type":"WebSite","@id":"https:\/\/blog.nautal.com\/es\/#website","url":"https:\/\/blog.nautal.com\/es\/","name":"El blog de Nautal | Toda la informaci\u00f3n sobre el alquiler de barcos","description":"Ahora la navegaci\u00f3n est\u00e1 al alcance de todos.","potentialAction":[{"@type":"SearchAction","target":{"@type":"EntryPoint","urlTemplate":"https:\/\/blog.nautal.com\/es\/?s={search_term_string}"},"query-input":"required name=search_term_string"}],"inLanguage":"es"},{"@type":"Person","@id":"https:\/\/blog.nautal.com\/es\/#\/schema\/person\/97d72e5d95c051f76cc281765a684936","name":"Berta","image":{"@type":"ImageObject","inLanguage":"es","@id":"https:\/\/blog.nautal.com\/es\/#\/schema\/person\/image\/","url":"https:\/\/secure.gravatar.com\/avatar\/b673f23c5f2bbfa5f5769722f63bbe11?s=96&d=mm&r=g","contentUrl":"https:\/\/secure.gravatar.com\/avatar\/b673f23c5f2bbfa5f5769722f63bbe11?s=96&d=mm&r=g","caption":"Berta"}}]}},"_links":{"self":[{"href":"https:\/\/blog.nautal.com\/es\/wp-json\/wp\/v2\/posts\/986"}],"collection":[{"href":"https:\/\/blog.nautal.com\/es\/wp-json\/wp\/v2\/posts"}],"about":[{"href":"https:\/\/blog.nautal.com\/es\/wp-json\/wp\/v2\/types\/post"}],"author":[{"embeddable":true,"href":"https:\/\/blog.nautal.com\/es\/wp-json\/wp\/v2\/users\/31"}],"replies":[{"embeddable":true,"href":"https:\/\/blog.nautal.com\/es\/wp-json\/wp\/v2\/comments?post=986"}],"version-history":[{"count":1,"href":"https:\/\/blog.nautal.com\/es\/wp-json\/wp\/v2\/posts\/986\/revisions"}],"predecessor-version":[{"id":6975,"href":"https:\/\/blog.nautal.com\/es\/wp-json\/wp\/v2\/posts\/986\/revisions\/6975"}],"wp:featuredmedia":[{"embeddable":true,"href":"https:\/\/blog.nautal.com\/es\/wp-json\/wp\/v2\/media\/639"}],"wp:attachment":[{"href":"https:\/\/blog.nautal.com\/es\/wp-json\/wp\/v2\/media?parent=986"}],"wp:term":[{"taxonomy":"category","embeddable":true,"href":"https:\/\/blog.nautal.com\/es\/wp-json\/wp\/v2\/categories?post=986"},{"taxonomy":"post_tag","embeddable":true,"href":"https:\/\/blog.nautal.com\/es\/wp-json\/wp\/v2\/tags?post=986"}],"curies":[{"name":"wp","href":"https:\/\/api.w.org\/{rel}","templated":true}]}}