{"id":33,"date":"2015-02-12T18:38:38","date_gmt":"2015-02-12T17:38:38","guid":{"rendered":"https:\/\/blog.nautal.com\/es\/blog\/?p=33"},"modified":"2015-02-12T18:38:38","modified_gmt":"2015-02-12T17:38:38","slug":"autorizacion-para-alquilar-en-baleares","status":"publish","type":"post","link":"https:\/\/blog.nautal.com\/es\/autorizacion-para-alquilar-en-baleares\/","title":{"rendered":"Autorizaci\u00f3n para alquilar en Baleares"},"content":{"rendered":"<p><a href=\"\/\/blog.nautal.es\/wp-content\/uploads\/2015\/03\/Baleares.jpg?utm_source=nautal&amp;utm_campaign=autorizacion_para_alquilar_en_baleares&amp;utm_medium=blog&amp;utm_content=imglink_baleares\"><img decoding=\"async\" loading=\"lazy\" class=\"alignnone wp-image-35 size-full\" src=\"\/\/blog.nautal.es\/wp-content\/uploads\/2015\/03\/Baleares.jpg\" alt=\"Baleares\" width=\"640\" height=\"422\" \/><\/a><\/p>\n<p style=\"text-align: justify\">Catalunya no expide por el momento ninguna<strong> autorizaci\u00f3n para la realizaci\u00f3n del alquiler de embarcaciones<\/strong>, en cambio comunidades como la balear, s\u00ed lo expiden.<\/p>\n<p style=\"text-align: justify\">Entonces, si mi puerto base es Barcelona, <strong>\u00bfdebo pedir la autorizaci\u00f3n al Gobierno Balear si mi embarcaci\u00f3n va a estar unos d\u00edas en verano por sus aguas?<\/strong><\/p>\n<p style=\"text-align: justify\">Tras una llamada a Capitan\u00eda Mar\u00edtima de Mah\u00f3, nos han explicado que hay los dos siguientes casos:<\/p>\n<ul style=\"text-align: justify\">\n<li>Un cliente alquila en Barcelona, teniendo la embarcaci\u00f3n despachada en zona 2 y el cliente m\u00ednimo con el t\u00edtulo de patr\u00f3n de yate va a Baleares y vuelve a Barcelona. En este caso no es necesaria la autorizaci\u00f3n.<\/li>\n<li>Un cliente entra al barco o sale del barco en Baleares. En este caso s\u00ed ser\u00eda necesaria la autorizaci\u00f3n.<\/li>\n<\/ul>\n<p style=\"text-align: justify\">Veamos cu\u00e1les son los pasos para pedir la mencionada autorizaci\u00f3n:<\/p>\n<ol style=\"text-align: justify\">\n<li>Imprimir y rellenar el <strong>formulario<\/strong>\u00a0\u00ab<a title=\"Modelo declaraci\u00f3n repsonsable\" href=\"https:\/\/www.caib.es\/seucaib\/ca\/arxiuServlet?id=2247350\" target=\"_blank\" rel=\"nofollow noopener\">Modelo de declaraci\u00f3n responsable<\/a>\u00ab<\/li>\n<li>Ir a capitan\u00eda de Barcelona para conseguir <strong>copias compulsadas<\/strong> de la hoja de asiento y certificado de navegabilidad y del DNI.<\/li>\n<li>Pagar la <strong><strong>tasa\u00a0<\/strong><\/strong>\u00a0Art. 6.1 i). cuyos importes para el a\u00f1o 2.015 son:<\/li>\n<\/ol>\n<p>&#8211; Hasta 10 metros de eslora: 36,18\u20ac<\/p>\n<p>&#8211; M\u00e1s de 10 metros hasta 15 metros: 72,42\u20ac<\/p>\n<p>&#8211; M\u00e1s de 15 metro de eslora: 108,61 \u20ac<\/p>\n<p style=\"text-align: justify\">4. <strong>Enviar<\/strong> a la Direcci\u00f3n General de Puertos y Aeropuertos del Goberno de las Islas Baleares (C\/ de l\u2019Uruguai, s\/n \u2013 edif. Palma Arena 07010 Palma) todos <strong>los papeles<\/strong> siguientes:<\/p>\n<ul style=\"text-align: justify\">\n<li>Fotocopia de la hoja de asiento y certificado de navegabilidad compulsados<\/li>\n<li>Alta IAE en el ep\u00edgrafe 855.2<\/li>\n<li>Certificados de la compa\u00f1\u00eda de seguros<\/li>\n<li>Fotocopia del DNI compulsado<\/li>\n<li>Justificante del pago de la tasa<\/li>\n<li>En caso de que la embarcaci\u00f3n la explote una empresa: NIF, escritura de constituci\u00f3n de la sociedad, poderes y t\u00edtulo de disponibilidad de la embarcaci\u00f3n.<\/li>\n<\/ul>\n<p style=\"text-align: justify\">A ra\u00edz de la entrada en vigor de los <a href=\"https:\/\/www.caib.es\/seucaib\/es\/fichainformativa\/1477453\/\" target=\"_blank\" rel=\"nofollow noopener\">procesos de simplificaci\u00f3n documental<\/a>, nos informan que la presentaci\u00f3n de toda esa documentaci\u00f3n se puede sustituir por \u00fanicamente la presentaci\u00f3n de la declaraci\u00f3n responsable y por la presentaci\u00f3n del pago de la tasa.<\/p>\n<p style=\"text-align: justify\">En aproximadamente 15 d\u00edas tendr\u00e1s la autorizaci\u00f3n por un a\u00f1o para hacer ch\u00e1rter en las Islas Baleares.<\/p>\n","protected":false},"excerpt":{"rendered":"<div class=\"post-excerpt\">Catalunya no expide por el momento ninguna autorizaci\u00f3n para la realizaci\u00f3n del alquiler de embarcaciones, en cambio comunidades como la balear, s\u00ed lo expiden. Entonces, si mi puerto base es&hellip;<\/div>\n<div class=\"post-more\"><a href=\"https:\/\/blog.nautal.com\/es\/autorizacion-para-alquilar-en-baleares\/\" class=\"button button-primary button-effect\"><span>LEER M\u00c1S<\/span><span><i class=\"cs-icon cs-icon-arrow-right\"><\/i><\/span><\/a><\/div>\n","protected":false},"author":31,"featured_media":608,"comment_status":"open","ping_status":"open","sticky":false,"template":"","format":"standard","meta":[],"categories":[14],"tags":[],"yoast_head":"<!-- This site is optimized with the Yoast SEO plugin v19.10 - https:\/\/yoast.com\/wordpress\/plugins\/seo\/ -->\n<title>Autorizaci\u00f3n para alquilar en Baleares<\/title>\n<meta name=\"description\" content=\"Autorizaci\u00f3n para alquilar en Baleares, declaraci\u00f3n responsable y tasas\" \/>\n<meta name=\"robots\" content=\"index, follow, max-snippet:-1, max-image-preview:large, max-video-preview:-1\" \/>\n<link rel=\"canonical\" href=\"https:\/\/blog.nautal.com\/es\/autorizacion-para-alquilar-en-baleares\/\" \/>\n<meta property=\"og:locale\" content=\"es_ES\" \/>\n<meta property=\"og:type\" content=\"article\" \/>\n<meta property=\"og:title\" content=\"Autorizaci\u00f3n para alquilar en Baleares\" \/>\n<meta property=\"og:description\" content=\"Autorizaci\u00f3n para alquilar en Baleares, declaraci\u00f3n responsable y tasas\" \/>\n<meta property=\"og:url\" content=\"https:\/\/blog.nautal.com\/es\/autorizacion-para-alquilar-en-baleares\/\" \/>\n<meta property=\"og:site_name\" content=\"El blog de Nautal | Toda la informaci\u00f3n sobre el alquiler de barcos\" \/>\n<meta property=\"article:publisher\" content=\"https:\/\/www.facebook.com\/ClickandboatEN\/\" \/>\n<meta property=\"article:published_time\" content=\"2015-02-12T17:38:38+00:00\" \/>\n<meta property=\"og:image\" content=\"https:\/\/blog.nautal.com\/es\/wp-content\/uploads\/2015\/03\/Baleares.jpg\" \/>\n\t<meta property=\"og:image:width\" content=\"640\" \/>\n\t<meta property=\"og:image:height\" content=\"422\" \/>\n\t<meta property=\"og:image:type\" content=\"image\/jpeg\" \/>\n<meta name=\"author\" content=\"Berta\" \/>\n<meta name=\"twitter:card\" content=\"summary_large_image\" \/>\n<meta name=\"twitter:creator\" content=\"@ClickandBoat\" \/>\n<meta name=\"twitter:site\" content=\"@ClickandBoat\" \/>\n<meta name=\"twitter:label1\" content=\"Written by\" \/>\n\t<meta name=\"twitter:data1\" content=\"Berta\" \/>\n\t<meta name=\"twitter:label2\" content=\"Est. reading time\" \/>\n\t<meta name=\"twitter:data2\" content=\"2 minutos\" \/>\n<script type=\"application\/ld+json\" class=\"yoast-schema-graph\">{\"@context\":\"https:\/\/schema.org\",\"@graph\":[{\"@type\":\"WebPage\",\"@id\":\"https:\/\/blog.nautal.com\/es\/autorizacion-para-alquilar-en-baleares\/\",\"url\":\"https:\/\/blog.nautal.com\/es\/autorizacion-para-alquilar-en-baleares\/\",\"name\":\"Autorizaci\u00f3n para alquilar en Baleares\",\"isPartOf\":{\"@id\":\"https:\/\/blog.nautal.com\/es\/#website\"},\"datePublished\":\"2015-02-12T17:38:38+00:00\",\"dateModified\":\"2015-02-12T17:38:38+00:00\",\"author\":{\"@id\":\"https:\/\/blog.nautal.com\/es\/#\/schema\/person\/97d72e5d95c051f76cc281765a684936\"},\"description\":\"Autorizaci\u00f3n para alquilar en Baleares, declaraci\u00f3n responsable y tasas\",\"breadcrumb\":{\"@id\":\"https:\/\/blog.nautal.com\/es\/autorizacion-para-alquilar-en-baleares\/#breadcrumb\"},\"inLanguage\":\"es\",\"potentialAction\":[{\"@type\":\"ReadAction\",\"target\":[\"https:\/\/blog.nautal.com\/es\/autorizacion-para-alquilar-en-baleares\/\"]}]},{\"@type\":\"BreadcrumbList\",\"@id\":\"https:\/\/blog.nautal.com\/es\/autorizacion-para-alquilar-en-baleares\/#breadcrumb\",\"itemListElement\":[{\"@type\":\"ListItem\",\"position\":1,\"name\":\"Homepage\",\"item\":\"https:\/\/blog.nautal.com\/es\/\"},{\"@type\":\"ListItem\",\"position\":2,\"name\":\"Autorizaci\u00f3n para alquilar en Baleares\"}]},{\"@type\":\"WebSite\",\"@id\":\"https:\/\/blog.nautal.com\/es\/#website\",\"url\":\"https:\/\/blog.nautal.com\/es\/\",\"name\":\"El blog de Nautal | Toda la informaci\u00f3n sobre el alquiler de barcos\",\"description\":\"Ahora la navegaci\u00f3n est\u00e1 al alcance de todos.\",\"potentialAction\":[{\"@type\":\"SearchAction\",\"target\":{\"@type\":\"EntryPoint\",\"urlTemplate\":\"https:\/\/blog.nautal.com\/es\/?s={search_term_string}\"},\"query-input\":\"required name=search_term_string\"}],\"inLanguage\":\"es\"},{\"@type\":\"Person\",\"@id\":\"https:\/\/blog.nautal.com\/es\/#\/schema\/person\/97d72e5d95c051f76cc281765a684936\",\"name\":\"Berta\",\"image\":{\"@type\":\"ImageObject\",\"inLanguage\":\"es\",\"@id\":\"https:\/\/blog.nautal.com\/es\/#\/schema\/person\/image\/\",\"url\":\"https:\/\/secure.gravatar.com\/avatar\/b673f23c5f2bbfa5f5769722f63bbe11?s=96&d=mm&r=g\",\"contentUrl\":\"https:\/\/secure.gravatar.com\/avatar\/b673f23c5f2bbfa5f5769722f63bbe11?s=96&d=mm&r=g\",\"caption\":\"Berta\"}}]}<\/script>\n<!-- \/ Yoast SEO plugin. -->","yoast_head_json":{"title":"Autorizaci\u00f3n para alquilar en Baleares","description":"Autorizaci\u00f3n para alquilar en Baleares, declaraci\u00f3n responsable y tasas","robots":{"index":"index","follow":"follow","max-snippet":"max-snippet:-1","max-image-preview":"max-image-preview:large","max-video-preview":"max-video-preview:-1"},"canonical":"https:\/\/blog.nautal.com\/es\/autorizacion-para-alquilar-en-baleares\/","og_locale":"es_ES","og_type":"article","og_title":"Autorizaci\u00f3n para alquilar en Baleares","og_description":"Autorizaci\u00f3n para alquilar en Baleares, declaraci\u00f3n responsable y tasas","og_url":"https:\/\/blog.nautal.com\/es\/autorizacion-para-alquilar-en-baleares\/","og_site_name":"El blog de Nautal | Toda la informaci\u00f3n sobre el alquiler de barcos","article_publisher":"https:\/\/www.facebook.com\/ClickandboatEN\/","article_published_time":"2015-02-12T17:38:38+00:00","og_image":[{"width":640,"height":422,"url":"https:\/\/blog.nautal.com\/es\/wp-content\/uploads\/2015\/03\/Baleares.jpg","type":"image\/jpeg"}],"author":"Berta","twitter_card":"summary_large_image","twitter_creator":"@ClickandBoat","twitter_site":"@ClickandBoat","twitter_misc":{"Written by":"Berta","Est. reading time":"2 minutos"},"schema":{"@context":"https:\/\/schema.org","@graph":[{"@type":"WebPage","@id":"https:\/\/blog.nautal.com\/es\/autorizacion-para-alquilar-en-baleares\/","url":"https:\/\/blog.nautal.com\/es\/autorizacion-para-alquilar-en-baleares\/","name":"Autorizaci\u00f3n para alquilar en Baleares","isPartOf":{"@id":"https:\/\/blog.nautal.com\/es\/#website"},"datePublished":"2015-02-12T17:38:38+00:00","dateModified":"2015-02-12T17:38:38+00:00","author":{"@id":"https:\/\/blog.nautal.com\/es\/#\/schema\/person\/97d72e5d95c051f76cc281765a684936"},"description":"Autorizaci\u00f3n para alquilar en Baleares, declaraci\u00f3n responsable y tasas","breadcrumb":{"@id":"https:\/\/blog.nautal.com\/es\/autorizacion-para-alquilar-en-baleares\/#breadcrumb"},"inLanguage":"es","potentialAction":[{"@type":"ReadAction","target":["https:\/\/blog.nautal.com\/es\/autorizacion-para-alquilar-en-baleares\/"]}]},{"@type":"BreadcrumbList","@id":"https:\/\/blog.nautal.com\/es\/autorizacion-para-alquilar-en-baleares\/#breadcrumb","itemListElement":[{"@type":"ListItem","position":1,"name":"Homepage","item":"https:\/\/blog.nautal.com\/es\/"},{"@type":"ListItem","position":2,"name":"Autorizaci\u00f3n para alquilar en Baleares"}]},{"@type":"WebSite","@id":"https:\/\/blog.nautal.com\/es\/#website","url":"https:\/\/blog.nautal.com\/es\/","name":"El blog de Nautal | Toda la informaci\u00f3n sobre el alquiler de barcos","description":"Ahora la navegaci\u00f3n est\u00e1 al alcance de todos.","potentialAction":[{"@type":"SearchAction","target":{"@type":"EntryPoint","urlTemplate":"https:\/\/blog.nautal.com\/es\/?s={search_term_string}"},"query-input":"required name=search_term_string"}],"inLanguage":"es"},{"@type":"Person","@id":"https:\/\/blog.nautal.com\/es\/#\/schema\/person\/97d72e5d95c051f76cc281765a684936","name":"Berta","image":{"@type":"ImageObject","inLanguage":"es","@id":"https:\/\/blog.nautal.com\/es\/#\/schema\/person\/image\/","url":"https:\/\/secure.gravatar.com\/avatar\/b673f23c5f2bbfa5f5769722f63bbe11?s=96&d=mm&r=g","contentUrl":"https:\/\/secure.gravatar.com\/avatar\/b673f23c5f2bbfa5f5769722f63bbe11?s=96&d=mm&r=g","caption":"Berta"}}]}},"_links":{"self":[{"href":"https:\/\/blog.nautal.com\/es\/wp-json\/wp\/v2\/posts\/33"}],"collection":[{"href":"https:\/\/blog.nautal.com\/es\/wp-json\/wp\/v2\/posts"}],"about":[{"href":"https:\/\/blog.nautal.com\/es\/wp-json\/wp\/v2\/types\/post"}],"author":[{"embeddable":true,"href":"https:\/\/blog.nautal.com\/es\/wp-json\/wp\/v2\/users\/31"}],"replies":[{"embeddable":true,"href":"https:\/\/blog.nautal.com\/es\/wp-json\/wp\/v2\/comments?post=33"}],"version-history":[{"count":0,"href":"https:\/\/blog.nautal.com\/es\/wp-json\/wp\/v2\/posts\/33\/revisions"}],"wp:featuredmedia":[{"embeddable":true,"href":"https:\/\/blog.nautal.com\/es\/wp-json\/wp\/v2\/media\/608"}],"wp:attachment":[{"href":"https:\/\/blog.nautal.com\/es\/wp-json\/wp\/v2\/media?parent=33"}],"wp:term":[{"taxonomy":"category","embeddable":true,"href":"https:\/\/blog.nautal.com\/es\/wp-json\/wp\/v2\/categories?post=33"},{"taxonomy":"post_tag","embeddable":true,"href":"https:\/\/blog.nautal.com\/es\/wp-json\/wp\/v2\/tags?post=33"}],"curies":[{"name":"wp","href":"https:\/\/api.w.org\/{rel}","templated":true}]}}