{"id":302,"date":"2014-04-01T16:31:10","date_gmt":"2014-04-01T14:31:10","guid":{"rendered":"http:\/\/www.nautal.es\/blog\/?p=302"},"modified":"2023-02-17T16:48:35","modified_gmt":"2023-02-17T15:48:35","slug":"reforma-de-las-titulaciones-novedades-abril-2014","status":"publish","type":"post","link":"https:\/\/blog.nautal.com\/es\/reforma-de-las-titulaciones-novedades-abril-2014\/","title":{"rendered":"Reforma de las titulaciones. Novedades Abril 2014"},"content":{"rendered":"<p>Actualizaci\u00f3n, ver la entrada con el RD publicado y su an\u00e1lisis: Reforma de las titulaciones n\u00e1uticas RD 875\/2014<\/p>\n<p>Hoy en el marco del Congreso Nacional de Anen el director general de Marina Mercante ha dado a conocer el texto definitivo de la reforma de las titulaciones que se ha presentado al ministerio para su aprobaci\u00f3n.<\/p>\n<figure id=\"attachment_1355\" aria-describedby=\"caption-attachment-1355\" style=\"width: 300px\" class=\"wp-caption alignnone\"><img decoding=\"async\" loading=\"lazy\" class=\"wp-image-1355 size-full\" src=\"https:\/\/blog.nautal.com\/es\/wp-content\/uploads\/2014\/04\/titulaciones_nauticas_reforma-abril-2014-e1480597025979.jpg\" alt=\"dibujos titulaciones_nauticas_reforma-abril-2014\" width=\"300\" height=\"276\" \/><figcaption id=\"caption-attachment-1355\" class=\"wp-caption-text\">dibujos titulaciones_nauticas_reforma-abril-2014<\/figcaption><\/figure>\n<p>Recuerda que en el pasado Salon N\u00e1utico BCN se presentaron las siguientes propuestas:<!--more--><\/p>\n<ul>\n<li>Equipos de abordo&#8211;&gt; Aun no se ha hecho<\/li>\n<li>Megayates &#8211;&gt; Ahora se ha enviado al consejo de estado (para despu\u00e9s de verano en el BOE)<\/li>\n<li>Normativa embarcaciones de recreo &#8211;&gt; Ya UE, ahora transposici\u00f3n<\/li>\n<li>Fiscalidad &#8211;&gt; Se ha hecho la modificaci\u00f3n de impuestos especiales<\/li>\n<li>Titulaciones, ahora entramos en detalle.<\/li>\n<\/ul>\n<p>Estado de tramitaci\u00f3n de las Titulaciones:<\/p>\n<ul>\n<li>Es de 2007, en 2011 se intent\u00f3 reformar sin \u00e9xito.<\/li>\n<li>En sal\u00f3n n\u00e1utico se anunci\u00f3 una nueva propuesta.<\/li>\n<li>En septiembre pasado se envi\u00f3 a los agentes sociales del sector.<\/li>\n<li>Se recibieron muchas alegaciones que se han ido estudiando.<\/li>\n<li>Se ha reformado el texto propuesto inicial.<\/li>\n<li>Se ha tramitado al ministerio de fomento.<\/li>\n<\/ul>\n<p>Resumen del borrador de orden enviado al ministerio:<\/p>\n<p><strong>Capit\u00e1n de Yate<\/strong>: Igual, ilimitada en distancia, eslora hasta 24 metros (antes no estaba limitado nominalmente, pero s\u00ed por ser embarcaciones de recreo, era pol\u00e9mico y ahora se aclara ya que mayor de 24 es buque, no embarcaci\u00f3n de recreo). Pr\u00e1cticas igual 48h (36N+12P) + curso radio-operador corto alcance<\/p>\n<p><strong>Patr\u00f3n de Yate:<\/strong> Hasta 150 NM (todo el mediterr\u00e1neo), <a href=\"https:\/\/www.nautal.es\/\">hasta 24 metros<\/a>. Horas de pr\u00e1cticas aumentan a 48 horas (36 de navegaci\u00f3n +12 en puerto) Curso de radiooperador de corto alcance que dan las escuelas certificadas.<\/p>\n<p><strong>PER:<\/strong> 12 NM, <a href=\"https:\/\/www.nautal.es\/\">hasta 15 metros<\/a>, Ex\u00e1menes igual de admins. 16 horas pr\u00e1cticas + curso radio operador de corto alcance. Con unas pr\u00e1cticas adicionales de 24h se podr\u00e1 ir a Baleares y se ampliar\u00e1 la eslora a 24 metros.<\/p>\n<p><strong>PNB:<\/strong> misma distancia a costa. Hasta 8m (tanto motor como vela). Ex\u00e1menes igual de admins. 8 horas pr\u00e1cticas + 4 de radio\u00a0 (2 de teor\u00eda y 2 pr\u00e1ctica).<\/p>\n<p><strong>Licencia de navegaci\u00f3n<\/strong> (titul\u00edn): Cambia de nombre, ahora lo dar\u00e1n las federaciones y escuelas que tengan certificado de calidad. <a href=\"https:\/\/www.nautal.es\/\">6 metros con potencia adecuada<\/a>. 2NM de puerto, sin examen de teor\u00eda. Clases pr\u00e1cticas de 2h y 4h de teor\u00eda.<\/p>\n<p><strong>Sin t\u00edtulo<\/strong>: se ampl\u00eda hasta 5m a motor y 6 m a vela. Hasta 15 caballos. Hasta 2NM de puerto de abrigo. &gt;18 a\u00f1os<\/p>\n<p><strong>Moto n\u00e1utica:<\/strong> no se modifica en esta orden ministerial, se har\u00e1 por real decreto que es donde est\u00e1 regulado.<\/p>\n<p>Ahora ya est\u00e1 en manos del ministerio de fomento. Esperan que se apruebe en 2\/3 meses.<\/p>\n<p>Barcos de bandera extranjera propiedad de espa\u00f1oles: \u00a0DGMM dice que hay pol\u00e9mica y debates jur\u00eddicos sobre la legalidad de exigir titulaciones espa\u00f1olas a espa\u00f1oles en barcos con otras banderas\u2026 pero no sabe c\u00f3mo ha quedado al final.<\/p>\n<p>Los capitanes que ya tienen la titulaci\u00f3n probablemente podr\u00e1n seguir llevando m\u00e1s de 24 metros (no queda muy claro).<\/p>\n<p>Sobre las atribuciones profesionales comenta:<\/p>\n<ul>\n<li>No se puede por Orden Ministerial<\/li>\n<li>Se ha de tramitar por Real Decreto<\/li>\n<li>Tiempo de tramitaci\u00f3n m\u00e1s largo (est\u00e1ndar 1 a\u00f1o)<\/li>\n<li>Deber\u00eda ser m\u00e1s sencillo de tramitar.<\/li>\n<\/ul>\n<p>Actualizaci\u00f3n, ver la entrada con el RD publicado y su an\u00e1lisis:\u00a0Reforma de las titulaciones n\u00e1uticas RD 875\/2014<\/p>\n<p>Hasta aqu\u00ed las novedades, \u00bfqu\u00e9 os parecen estos cambios?<\/p>\n","protected":false},"excerpt":{"rendered":"<div class=\"post-excerpt\">Actualizaci\u00f3n, ver la entrada con el RD publicado y su an\u00e1lisis: Reforma de las titulaciones n\u00e1uticas RD 875\/2014 Hoy en el marco del Congreso Nacional de Anen el director general&hellip;<\/div>\n<div class=\"post-more\"><a href=\"https:\/\/blog.nautal.com\/es\/reforma-de-las-titulaciones-novedades-abril-2014\/\" class=\"button button-primary button-effect\"><span>LEER M\u00c1S<\/span><span><i class=\"cs-icon cs-icon-arrow-right\"><\/i><\/span><\/a><\/div>\n","protected":false},"author":31,"featured_media":1355,"comment_status":"open","ping_status":"open","sticky":false,"template":"","format":"standard","meta":[],"categories":[15],"tags":[],"yoast_head":"<!-- This site is optimized with the Yoast SEO plugin v19.10 - https:\/\/yoast.com\/wordpress\/plugins\/seo\/ -->\n<title>Reforma de las titulaciones. Abril 2014 - El blog de Nautal<\/title>\n<meta name=\"description\" content=\"Hoy en Congreso Nacional de Anen el director general de Marina Mercante ha dado a conocer la reforma de las titulaciones\" \/>\n<meta name=\"robots\" content=\"index, follow, max-snippet:-1, max-image-preview:large, max-video-preview:-1\" \/>\n<link rel=\"canonical\" href=\"https:\/\/blog.nautal.com\/es\/reforma-de-las-titulaciones-novedades-abril-2014\/\" \/>\n<meta property=\"og:locale\" content=\"es_ES\" \/>\n<meta property=\"og:type\" content=\"article\" \/>\n<meta property=\"og:title\" content=\"Reforma de las titulaciones. Abril 2014 - El blog de Nautal\" \/>\n<meta property=\"og:description\" content=\"Hoy en Congreso Nacional de Anen el director general de Marina Mercante ha dado a conocer la reforma de las titulaciones\" \/>\n<meta property=\"og:url\" content=\"https:\/\/blog.nautal.com\/es\/reforma-de-las-titulaciones-novedades-abril-2014\/\" \/>\n<meta property=\"og:site_name\" content=\"El blog de Nautal | Toda la informaci\u00f3n sobre el alquiler de barcos\" \/>\n<meta property=\"article:publisher\" content=\"https:\/\/www.facebook.com\/ClickandboatEN\/\" \/>\n<meta property=\"article:published_time\" content=\"2014-04-01T14:31:10+00:00\" \/>\n<meta property=\"article:modified_time\" content=\"2023-02-17T15:48:35+00:00\" \/>\n<meta property=\"og:image\" content=\"https:\/\/blog.nautal.com\/es\/wp-content\/uploads\/2014\/04\/titulaciones_nauticas_reforma-abril-2014-e1480597025979.jpg\" \/>\n\t<meta property=\"og:image:width\" content=\"300\" \/>\n\t<meta property=\"og:image:height\" content=\"276\" \/>\n\t<meta property=\"og:image:type\" content=\"image\/jpeg\" \/>\n<meta name=\"author\" content=\"Berta\" \/>\n<meta name=\"twitter:card\" content=\"summary_large_image\" \/>\n<meta name=\"twitter:creator\" content=\"@ClickandBoat\" \/>\n<meta name=\"twitter:site\" content=\"@ClickandBoat\" \/>\n<meta name=\"twitter:label1\" content=\"Written by\" \/>\n\t<meta name=\"twitter:data1\" content=\"Berta\" \/>\n\t<meta name=\"twitter:label2\" content=\"Est. reading time\" \/>\n\t<meta name=\"twitter:data2\" content=\"3 minutos\" \/>\n<script type=\"application\/ld+json\" class=\"yoast-schema-graph\">{\"@context\":\"https:\/\/schema.org\",\"@graph\":[{\"@type\":\"WebPage\",\"@id\":\"https:\/\/blog.nautal.com\/es\/reforma-de-las-titulaciones-novedades-abril-2014\/\",\"url\":\"https:\/\/blog.nautal.com\/es\/reforma-de-las-titulaciones-novedades-abril-2014\/\",\"name\":\"Reforma de las titulaciones. Abril 2014 - El blog de Nautal\",\"isPartOf\":{\"@id\":\"https:\/\/blog.nautal.com\/es\/#website\"},\"datePublished\":\"2014-04-01T14:31:10+00:00\",\"dateModified\":\"2023-02-17T15:48:35+00:00\",\"author\":{\"@id\":\"https:\/\/blog.nautal.com\/es\/#\/schema\/person\/97d72e5d95c051f76cc281765a684936\"},\"description\":\"Hoy en Congreso Nacional de Anen el director general de Marina Mercante ha dado a conocer la reforma de las titulaciones\",\"breadcrumb\":{\"@id\":\"https:\/\/blog.nautal.com\/es\/reforma-de-las-titulaciones-novedades-abril-2014\/#breadcrumb\"},\"inLanguage\":\"es\",\"potentialAction\":[{\"@type\":\"ReadAction\",\"target\":[\"https:\/\/blog.nautal.com\/es\/reforma-de-las-titulaciones-novedades-abril-2014\/\"]}]},{\"@type\":\"BreadcrumbList\",\"@id\":\"https:\/\/blog.nautal.com\/es\/reforma-de-las-titulaciones-novedades-abril-2014\/#breadcrumb\",\"itemListElement\":[{\"@type\":\"ListItem\",\"position\":1,\"name\":\"Homepage\",\"item\":\"https:\/\/blog.nautal.com\/es\/\"},{\"@type\":\"ListItem\",\"position\":2,\"name\":\"Reforma de las titulaciones. Novedades Abril 2014\"}]},{\"@type\":\"WebSite\",\"@id\":\"https:\/\/blog.nautal.com\/es\/#website\",\"url\":\"https:\/\/blog.nautal.com\/es\/\",\"name\":\"El blog de Nautal | Toda la informaci\u00f3n sobre el alquiler de barcos\",\"description\":\"Ahora la navegaci\u00f3n est\u00e1 al alcance de todos.\",\"potentialAction\":[{\"@type\":\"SearchAction\",\"target\":{\"@type\":\"EntryPoint\",\"urlTemplate\":\"https:\/\/blog.nautal.com\/es\/?s={search_term_string}\"},\"query-input\":\"required name=search_term_string\"}],\"inLanguage\":\"es\"},{\"@type\":\"Person\",\"@id\":\"https:\/\/blog.nautal.com\/es\/#\/schema\/person\/97d72e5d95c051f76cc281765a684936\",\"name\":\"Berta\",\"image\":{\"@type\":\"ImageObject\",\"inLanguage\":\"es\",\"@id\":\"https:\/\/blog.nautal.com\/es\/#\/schema\/person\/image\/\",\"url\":\"https:\/\/secure.gravatar.com\/avatar\/b673f23c5f2bbfa5f5769722f63bbe11?s=96&d=mm&r=g\",\"contentUrl\":\"https:\/\/secure.gravatar.com\/avatar\/b673f23c5f2bbfa5f5769722f63bbe11?s=96&d=mm&r=g\",\"caption\":\"Berta\"}}]}<\/script>\n<!-- \/ Yoast SEO plugin. -->","yoast_head_json":{"title":"Reforma de las titulaciones. Abril 2014 - El blog de Nautal","description":"Hoy en Congreso Nacional de Anen el director general de Marina Mercante ha dado a conocer la reforma de las titulaciones","robots":{"index":"index","follow":"follow","max-snippet":"max-snippet:-1","max-image-preview":"max-image-preview:large","max-video-preview":"max-video-preview:-1"},"canonical":"https:\/\/blog.nautal.com\/es\/reforma-de-las-titulaciones-novedades-abril-2014\/","og_locale":"es_ES","og_type":"article","og_title":"Reforma de las titulaciones. Abril 2014 - El blog de Nautal","og_description":"Hoy en Congreso Nacional de Anen el director general de Marina Mercante ha dado a conocer la reforma de las titulaciones","og_url":"https:\/\/blog.nautal.com\/es\/reforma-de-las-titulaciones-novedades-abril-2014\/","og_site_name":"El blog de Nautal | Toda la informaci\u00f3n sobre el alquiler de barcos","article_publisher":"https:\/\/www.facebook.com\/ClickandboatEN\/","article_published_time":"2014-04-01T14:31:10+00:00","article_modified_time":"2023-02-17T15:48:35+00:00","og_image":[{"width":300,"height":276,"url":"https:\/\/blog.nautal.com\/es\/wp-content\/uploads\/2014\/04\/titulaciones_nauticas_reforma-abril-2014-e1480597025979.jpg","type":"image\/jpeg"}],"author":"Berta","twitter_card":"summary_large_image","twitter_creator":"@ClickandBoat","twitter_site":"@ClickandBoat","twitter_misc":{"Written by":"Berta","Est. reading time":"3 minutos"},"schema":{"@context":"https:\/\/schema.org","@graph":[{"@type":"WebPage","@id":"https:\/\/blog.nautal.com\/es\/reforma-de-las-titulaciones-novedades-abril-2014\/","url":"https:\/\/blog.nautal.com\/es\/reforma-de-las-titulaciones-novedades-abril-2014\/","name":"Reforma de las titulaciones. Abril 2014 - El blog de Nautal","isPartOf":{"@id":"https:\/\/blog.nautal.com\/es\/#website"},"datePublished":"2014-04-01T14:31:10+00:00","dateModified":"2023-02-17T15:48:35+00:00","author":{"@id":"https:\/\/blog.nautal.com\/es\/#\/schema\/person\/97d72e5d95c051f76cc281765a684936"},"description":"Hoy en Congreso Nacional de Anen el director general de Marina Mercante ha dado a conocer la reforma de las titulaciones","breadcrumb":{"@id":"https:\/\/blog.nautal.com\/es\/reforma-de-las-titulaciones-novedades-abril-2014\/#breadcrumb"},"inLanguage":"es","potentialAction":[{"@type":"ReadAction","target":["https:\/\/blog.nautal.com\/es\/reforma-de-las-titulaciones-novedades-abril-2014\/"]}]},{"@type":"BreadcrumbList","@id":"https:\/\/blog.nautal.com\/es\/reforma-de-las-titulaciones-novedades-abril-2014\/#breadcrumb","itemListElement":[{"@type":"ListItem","position":1,"name":"Homepage","item":"https:\/\/blog.nautal.com\/es\/"},{"@type":"ListItem","position":2,"name":"Reforma de las titulaciones. Novedades Abril 2014"}]},{"@type":"WebSite","@id":"https:\/\/blog.nautal.com\/es\/#website","url":"https:\/\/blog.nautal.com\/es\/","name":"El blog de Nautal | Toda la informaci\u00f3n sobre el alquiler de barcos","description":"Ahora la navegaci\u00f3n est\u00e1 al alcance de todos.","potentialAction":[{"@type":"SearchAction","target":{"@type":"EntryPoint","urlTemplate":"https:\/\/blog.nautal.com\/es\/?s={search_term_string}"},"query-input":"required name=search_term_string"}],"inLanguage":"es"},{"@type":"Person","@id":"https:\/\/blog.nautal.com\/es\/#\/schema\/person\/97d72e5d95c051f76cc281765a684936","name":"Berta","image":{"@type":"ImageObject","inLanguage":"es","@id":"https:\/\/blog.nautal.com\/es\/#\/schema\/person\/image\/","url":"https:\/\/secure.gravatar.com\/avatar\/b673f23c5f2bbfa5f5769722f63bbe11?s=96&d=mm&r=g","contentUrl":"https:\/\/secure.gravatar.com\/avatar\/b673f23c5f2bbfa5f5769722f63bbe11?s=96&d=mm&r=g","caption":"Berta"}}]}},"_links":{"self":[{"href":"https:\/\/blog.nautal.com\/es\/wp-json\/wp\/v2\/posts\/302"}],"collection":[{"href":"https:\/\/blog.nautal.com\/es\/wp-json\/wp\/v2\/posts"}],"about":[{"href":"https:\/\/blog.nautal.com\/es\/wp-json\/wp\/v2\/types\/post"}],"author":[{"embeddable":true,"href":"https:\/\/blog.nautal.com\/es\/wp-json\/wp\/v2\/users\/31"}],"replies":[{"embeddable":true,"href":"https:\/\/blog.nautal.com\/es\/wp-json\/wp\/v2\/comments?post=302"}],"version-history":[{"count":1,"href":"https:\/\/blog.nautal.com\/es\/wp-json\/wp\/v2\/posts\/302\/revisions"}],"predecessor-version":[{"id":6823,"href":"https:\/\/blog.nautal.com\/es\/wp-json\/wp\/v2\/posts\/302\/revisions\/6823"}],"wp:featuredmedia":[{"embeddable":true,"href":"https:\/\/blog.nautal.com\/es\/wp-json\/wp\/v2\/media\/1355"}],"wp:attachment":[{"href":"https:\/\/blog.nautal.com\/es\/wp-json\/wp\/v2\/media?parent=302"}],"wp:term":[{"taxonomy":"category","embeddable":true,"href":"https:\/\/blog.nautal.com\/es\/wp-json\/wp\/v2\/categories?post=302"},{"taxonomy":"post_tag","embeddable":true,"href":"https:\/\/blog.nautal.com\/es\/wp-json\/wp\/v2\/tags?post=302"}],"curies":[{"name":"wp","href":"https:\/\/api.w.org\/{rel}","templated":true}]}}