{"id":2387,"date":"2017-05-11T08:01:10","date_gmt":"2017-05-11T06:01:10","guid":{"rendered":"https:\/\/blog.nautal.com\/es\/?p=2387"},"modified":"2023-02-20T11:05:43","modified_gmt":"2023-02-20T10:05:43","slug":"cambios-legislacion-del-charter-en-baleares","status":"publish","type":"post","link":"https:\/\/blog.nautal.com\/es\/cambios-legislacion-del-charter-en-baleares\/","title":{"rendered":"Nuevos cambios en la legislaci\u00f3n del ch\u00e1rter en Baleares"},"content":{"rendered":"<div>\n<p>Con el crecimiento del ch\u00e1rter n\u00e1utico con el paso del tiempo, es com\u00fan que se modifiquen algunas leyes con el objetivo de controlar m\u00e1s este mercado y poder facilitarnos a los amantes de la navegaci\u00f3n poder disfrutar del <strong>ch\u00e1rter n\u00e1utico<\/strong>. Hoy os contamos los cambios que trae consigo el nuevo Decreto 21\/2017 en la <strong>legislaci\u00f3n del ch\u00e1rter en Baleares.<\/strong><\/p>\n<\/div>\n<h2 style=\"text-align: center;\">Nuevos cambios en la legislaci\u00f3n del ch\u00e1rter en Baleares<\/h2>\n<div>Seg\u00fan recientes datos de ANEN (Asociaci\u00f3n Nacional de Empresas N\u00e1uticas), el mercado del ch\u00e1rter est\u00e1 en auge, con un crecimiento anual del 40%, por ello el <a href=\"https:\/\/www.nautal.es\/alquiler-barcos-islas-baleares\">alquiler de barcos en Baleares<\/a> ha tenido un crecimiento exponencial en los \u00faltimos a\u00f1os.<\/div>\n<div><\/div>\n<div><\/div>\n<div><img decoding=\"async\" loading=\"lazy\" class=\"alignnone wp-image-2317 size-full\" title=\"Cambios en la legislaci\u00f3n del ch\u00e1rter en Baleares\" src=\"https:\/\/blog.nautal.com\/es\/wp-content\/uploads\/2017\/04\/57699.jpg\" alt=\"Cambios en la legislaci\u00f3n del ch\u00e1rter en Baleares\" width=\"868\" height=\"578\" srcset=\"https:\/\/blog.nautal.com\/es\/wp-content\/uploads\/2017\/04\/57699.jpg 868w, https:\/\/blog.nautal.com\/es\/wp-content\/uploads\/2017\/04\/57699-800x533.jpg 800w, https:\/\/blog.nautal.com\/es\/wp-content\/uploads\/2017\/04\/57699-320x213.jpg 320w, https:\/\/blog.nautal.com\/es\/wp-content\/uploads\/2017\/04\/57699-560x373.jpg 560w\" sizes=\"(max-width: 868px) 100vw, 868px\" \/><\/div>\n<div><\/div>\n<div><\/div>\n<div>Cuando gestionamos <a href=\"https:\/\/www.nautal.es\/alquiler-barcos-ibiza\">alquileres en Ibiza<\/a>, muchos de nuestros clientes nos pregunta qu\u00e9 ocurre con el <strong>permiso de ch\u00e1rter en Baleares<\/strong>, es decir, les surg\u00eda la duda de si pod\u00edan navegar libremente por las Baleares con sus barcos no registrados en dicho lugar.<\/div>\n<div><\/div>\n<div>Con la llega de un nuevo decreto, han llegado cambios. Antes necesit\u00e1bamos una <strong>licencia de ch\u00e1rter n\u00e1utico<\/strong>, as\u00ed como otra documentaci\u00f3n, para tener el permiso de <a href=\"https:\/\/www.nautal.es\/alquiler-barcos-islas-baleares\">ch\u00e1rter en Baleares<\/a>. Con el nuevo decreto 21\/2017, se permite navegar a cualquier embarcaci\u00f3n con bandera europea que haya sido registrado para el alquiler n\u00e1utico en su pa\u00eds, as\u00ed como se simplifican los tr\u00e1mites para todos los barcos de ch\u00e1rters en Baleares, siendo ahora solo necesario presentar los documentos que confirman que el barco est\u00e1 en lista sexta en la Direcci\u00f3n General de Puertos y Aeropuertos del\u00a0Govern Balear, en lugar de la autorizaci\u00f3n que hasta ahora se necesitaba.<\/div>\n<div><\/div>\n<div><\/div>\n<div><img decoding=\"async\" loading=\"lazy\" class=\"alignnone wp-image-2388 size-full\" title=\"Alquilar un barco en Baleares es ahora a\u00fan m\u00e1s sencillo\" src=\"https:\/\/blog.nautal.com\/es\/wp-content\/uploads\/2017\/05\/207329.jpg\" alt=\"Alquilar un barco en Baleares es ahora a\u00fan m\u00e1s sencillo\" width=\"868\" height=\"578\" srcset=\"https:\/\/blog.nautal.com\/es\/wp-content\/uploads\/2017\/05\/207329.jpg 868w, https:\/\/blog.nautal.com\/es\/wp-content\/uploads\/2017\/05\/207329-800x533.jpg 800w, https:\/\/blog.nautal.com\/es\/wp-content\/uploads\/2017\/05\/207329-320x213.jpg 320w, https:\/\/blog.nautal.com\/es\/wp-content\/uploads\/2017\/05\/207329-560x373.jpg 560w\" sizes=\"(max-width: 868px) 100vw, 868px\" \/><\/div>\n<div><\/div>\n<div><\/div>\n<div>\n<p>En el caso de barcos con bandera no europea, por el momento siguen necesitando la autorizaci\u00f3n y permisos especiales, los cuales normalmente suelen atribuir a yates de m\u00e1s de 24 metros de eslora. Pero este es el comienzo, y probablemente en un futuro no muy lejano, podremos navegar con cualquier tipo de barco sin importar la nacionalidad mediante un proceso m\u00e1s sencillo, y sobre todo m\u00e1s r\u00e1pido, que el actual.<\/p>\n<h3>Conclusi\u00f3n<\/h3>\n<p>Esta nueva normativa contribuye al crecimiento del <a href=\"https:\/\/www.nautal.es\/alquiler-barcos-islas-baleares\">alquiler de barcos en Baleares<\/a>, la cual actualmente ocupa la primera posici\u00f3n del mercado n\u00e1utico del ch\u00e1rter a nivel nacional. Son buenas noticias para los que disfrutamos de la <strong>navegaci\u00f3n en barco por Baleares<\/strong>, ya que vemos que con el paso del tiempo es cada vez m\u00e1s sencillo disfrutar de algo tan magn\u00edfico como es la navegaci\u00f3n.<\/p>\n<p>\u00bfTe hab\u00edas enterado de este nuevo decreto? \u00bfQu\u00e9 te parecen estos <strong>cambios en la legislaci\u00f3n del ch\u00e1rter en Baleares<\/strong>? Cu\u00e9ntanos tu opini\u00f3n en los comentarios y comparte con nosotros lo que piensas \u00a1estaremos encantados de escucharos!<\/p>\n<\/div>\n<div><\/div>\n","protected":false},"excerpt":{"rendered":"<div class=\"post-excerpt\">Con el crecimiento del ch\u00e1rter n\u00e1utico con el paso del tiempo, es com\u00fan que se modifiquen algunas leyes con el objetivo de controlar m\u00e1s este mercado y poder facilitarnos a&hellip;<\/div>\n<div class=\"post-more\"><a href=\"https:\/\/blog.nautal.com\/es\/cambios-legislacion-del-charter-en-baleares\/\" class=\"button button-primary button-effect\"><span>LEER M\u00c1S<\/span><span><i class=\"cs-icon cs-icon-arrow-right\"><\/i><\/span><\/a><\/div>\n","protected":false},"author":31,"featured_media":2403,"comment_status":"open","ping_status":"open","sticky":false,"template":"","format":"standard","meta":[],"categories":[15],"tags":[],"yoast_head":"<!-- This site is optimized with the Yoast SEO plugin v19.10 - https:\/\/yoast.com\/wordpress\/plugins\/seo\/ -->\n<title>Nuevos cambios en la legislaci\u00f3n del ch\u00e1rter en Baleares<\/title>\n<meta name=\"description\" content=\"Os contamos los cambios que trae consigo el nuevo Decreto 21\/2017 en la legislaci\u00f3n del ch\u00e1rter en Baleares con la que el ch\u00e1rter balear ser\u00e1 m\u00e1s sencillo.\" \/>\n<meta name=\"robots\" content=\"index, follow, max-snippet:-1, max-image-preview:large, max-video-preview:-1\" \/>\n<link rel=\"canonical\" href=\"https:\/\/blog.nautal.com\/es\/cambios-legislacion-del-charter-en-baleares\/\" \/>\n<meta property=\"og:locale\" content=\"es_ES\" \/>\n<meta property=\"og:type\" content=\"article\" \/>\n<meta property=\"og:title\" content=\"Nuevos cambios en la legislaci\u00f3n del ch\u00e1rter en Baleares\" \/>\n<meta property=\"og:description\" content=\"Os contamos los cambios que trae consigo el nuevo Decreto 21\/2017 en la legislaci\u00f3n del ch\u00e1rter en Baleares con la que el ch\u00e1rter balear ser\u00e1 m\u00e1s sencillo.\" \/>\n<meta property=\"og:url\" content=\"https:\/\/blog.nautal.com\/es\/cambios-legislacion-del-charter-en-baleares\/\" \/>\n<meta property=\"og:site_name\" content=\"El blog de Nautal | Toda la informaci\u00f3n sobre el alquiler de barcos\" \/>\n<meta property=\"article:publisher\" content=\"https:\/\/www.facebook.com\/ClickandboatEN\/\" \/>\n<meta property=\"article:published_time\" content=\"2017-05-11T06:01:10+00:00\" \/>\n<meta property=\"article:modified_time\" content=\"2023-02-20T10:05:43+00:00\" \/>\n<meta property=\"og:image\" content=\"https:\/\/blog.nautal.com\/es\/wp-content\/uploads\/2017\/05\/76543.jpg\" \/>\n\t<meta property=\"og:image:width\" content=\"960\" \/>\n\t<meta property=\"og:image:height\" content=\"389\" \/>\n\t<meta property=\"og:image:type\" content=\"image\/jpeg\" \/>\n<meta name=\"author\" content=\"Berta\" \/>\n<meta name=\"twitter:card\" content=\"summary_large_image\" \/>\n<meta name=\"twitter:creator\" content=\"@ClickandBoat\" \/>\n<meta name=\"twitter:site\" content=\"@ClickandBoat\" \/>\n<meta name=\"twitter:label1\" content=\"Written by\" \/>\n\t<meta name=\"twitter:data1\" content=\"Berta\" \/>\n\t<meta name=\"twitter:label2\" content=\"Est. reading time\" \/>\n\t<meta name=\"twitter:data2\" content=\"3 minutos\" \/>\n<script type=\"application\/ld+json\" class=\"yoast-schema-graph\">{\"@context\":\"https:\/\/schema.org\",\"@graph\":[{\"@type\":\"WebPage\",\"@id\":\"https:\/\/blog.nautal.com\/es\/cambios-legislacion-del-charter-en-baleares\/\",\"url\":\"https:\/\/blog.nautal.com\/es\/cambios-legislacion-del-charter-en-baleares\/\",\"name\":\"Nuevos cambios en la legislaci\u00f3n del ch\u00e1rter en Baleares\",\"isPartOf\":{\"@id\":\"https:\/\/blog.nautal.com\/es\/#website\"},\"datePublished\":\"2017-05-11T06:01:10+00:00\",\"dateModified\":\"2023-02-20T10:05:43+00:00\",\"author\":{\"@id\":\"https:\/\/blog.nautal.com\/es\/#\/schema\/person\/97d72e5d95c051f76cc281765a684936\"},\"description\":\"Os contamos los cambios que trae consigo el nuevo Decreto 21\/2017 en la legislaci\u00f3n del ch\u00e1rter en Baleares con la que el ch\u00e1rter balear ser\u00e1 m\u00e1s sencillo.\",\"breadcrumb\":{\"@id\":\"https:\/\/blog.nautal.com\/es\/cambios-legislacion-del-charter-en-baleares\/#breadcrumb\"},\"inLanguage\":\"es\",\"potentialAction\":[{\"@type\":\"ReadAction\",\"target\":[\"https:\/\/blog.nautal.com\/es\/cambios-legislacion-del-charter-en-baleares\/\"]}]},{\"@type\":\"BreadcrumbList\",\"@id\":\"https:\/\/blog.nautal.com\/es\/cambios-legislacion-del-charter-en-baleares\/#breadcrumb\",\"itemListElement\":[{\"@type\":\"ListItem\",\"position\":1,\"name\":\"Homepage\",\"item\":\"https:\/\/blog.nautal.com\/es\/\"},{\"@type\":\"ListItem\",\"position\":2,\"name\":\"Nuevos cambios en la legislaci\u00f3n del ch\u00e1rter en Baleares\"}]},{\"@type\":\"WebSite\",\"@id\":\"https:\/\/blog.nautal.com\/es\/#website\",\"url\":\"https:\/\/blog.nautal.com\/es\/\",\"name\":\"El blog de Nautal | Toda la informaci\u00f3n sobre el alquiler de barcos\",\"description\":\"Ahora la navegaci\u00f3n est\u00e1 al alcance de todos.\",\"potentialAction\":[{\"@type\":\"SearchAction\",\"target\":{\"@type\":\"EntryPoint\",\"urlTemplate\":\"https:\/\/blog.nautal.com\/es\/?s={search_term_string}\"},\"query-input\":\"required name=search_term_string\"}],\"inLanguage\":\"es\"},{\"@type\":\"Person\",\"@id\":\"https:\/\/blog.nautal.com\/es\/#\/schema\/person\/97d72e5d95c051f76cc281765a684936\",\"name\":\"Berta\",\"image\":{\"@type\":\"ImageObject\",\"inLanguage\":\"es\",\"@id\":\"https:\/\/blog.nautal.com\/es\/#\/schema\/person\/image\/\",\"url\":\"https:\/\/secure.gravatar.com\/avatar\/b673f23c5f2bbfa5f5769722f63bbe11?s=96&d=mm&r=g\",\"contentUrl\":\"https:\/\/secure.gravatar.com\/avatar\/b673f23c5f2bbfa5f5769722f63bbe11?s=96&d=mm&r=g\",\"caption\":\"Berta\"}}]}<\/script>\n<!-- \/ Yoast SEO plugin. -->","yoast_head_json":{"title":"Nuevos cambios en la legislaci\u00f3n del ch\u00e1rter en Baleares","description":"Os contamos los cambios que trae consigo el nuevo Decreto 21\/2017 en la legislaci\u00f3n del ch\u00e1rter en Baleares con la que el ch\u00e1rter balear ser\u00e1 m\u00e1s sencillo.","robots":{"index":"index","follow":"follow","max-snippet":"max-snippet:-1","max-image-preview":"max-image-preview:large","max-video-preview":"max-video-preview:-1"},"canonical":"https:\/\/blog.nautal.com\/es\/cambios-legislacion-del-charter-en-baleares\/","og_locale":"es_ES","og_type":"article","og_title":"Nuevos cambios en la legislaci\u00f3n del ch\u00e1rter en Baleares","og_description":"Os contamos los cambios que trae consigo el nuevo Decreto 21\/2017 en la legislaci\u00f3n del ch\u00e1rter en Baleares con la que el ch\u00e1rter balear ser\u00e1 m\u00e1s sencillo.","og_url":"https:\/\/blog.nautal.com\/es\/cambios-legislacion-del-charter-en-baleares\/","og_site_name":"El blog de Nautal | Toda la informaci\u00f3n sobre el alquiler de barcos","article_publisher":"https:\/\/www.facebook.com\/ClickandboatEN\/","article_published_time":"2017-05-11T06:01:10+00:00","article_modified_time":"2023-02-20T10:05:43+00:00","og_image":[{"width":960,"height":389,"url":"https:\/\/blog.nautal.com\/es\/wp-content\/uploads\/2017\/05\/76543.jpg","type":"image\/jpeg"}],"author":"Berta","twitter_card":"summary_large_image","twitter_creator":"@ClickandBoat","twitter_site":"@ClickandBoat","twitter_misc":{"Written by":"Berta","Est. reading time":"3 minutos"},"schema":{"@context":"https:\/\/schema.org","@graph":[{"@type":"WebPage","@id":"https:\/\/blog.nautal.com\/es\/cambios-legislacion-del-charter-en-baleares\/","url":"https:\/\/blog.nautal.com\/es\/cambios-legislacion-del-charter-en-baleares\/","name":"Nuevos cambios en la legislaci\u00f3n del ch\u00e1rter en Baleares","isPartOf":{"@id":"https:\/\/blog.nautal.com\/es\/#website"},"datePublished":"2017-05-11T06:01:10+00:00","dateModified":"2023-02-20T10:05:43+00:00","author":{"@id":"https:\/\/blog.nautal.com\/es\/#\/schema\/person\/97d72e5d95c051f76cc281765a684936"},"description":"Os contamos los cambios que trae consigo el nuevo Decreto 21\/2017 en la legislaci\u00f3n del ch\u00e1rter en Baleares con la que el ch\u00e1rter balear ser\u00e1 m\u00e1s sencillo.","breadcrumb":{"@id":"https:\/\/blog.nautal.com\/es\/cambios-legislacion-del-charter-en-baleares\/#breadcrumb"},"inLanguage":"es","potentialAction":[{"@type":"ReadAction","target":["https:\/\/blog.nautal.com\/es\/cambios-legislacion-del-charter-en-baleares\/"]}]},{"@type":"BreadcrumbList","@id":"https:\/\/blog.nautal.com\/es\/cambios-legislacion-del-charter-en-baleares\/#breadcrumb","itemListElement":[{"@type":"ListItem","position":1,"name":"Homepage","item":"https:\/\/blog.nautal.com\/es\/"},{"@type":"ListItem","position":2,"name":"Nuevos cambios en la legislaci\u00f3n del ch\u00e1rter en Baleares"}]},{"@type":"WebSite","@id":"https:\/\/blog.nautal.com\/es\/#website","url":"https:\/\/blog.nautal.com\/es\/","name":"El blog de Nautal | Toda la informaci\u00f3n sobre el alquiler de barcos","description":"Ahora la navegaci\u00f3n est\u00e1 al alcance de todos.","potentialAction":[{"@type":"SearchAction","target":{"@type":"EntryPoint","urlTemplate":"https:\/\/blog.nautal.com\/es\/?s={search_term_string}"},"query-input":"required name=search_term_string"}],"inLanguage":"es"},{"@type":"Person","@id":"https:\/\/blog.nautal.com\/es\/#\/schema\/person\/97d72e5d95c051f76cc281765a684936","name":"Berta","image":{"@type":"ImageObject","inLanguage":"es","@id":"https:\/\/blog.nautal.com\/es\/#\/schema\/person\/image\/","url":"https:\/\/secure.gravatar.com\/avatar\/b673f23c5f2bbfa5f5769722f63bbe11?s=96&d=mm&r=g","contentUrl":"https:\/\/secure.gravatar.com\/avatar\/b673f23c5f2bbfa5f5769722f63bbe11?s=96&d=mm&r=g","caption":"Berta"}}]}},"_links":{"self":[{"href":"https:\/\/blog.nautal.com\/es\/wp-json\/wp\/v2\/posts\/2387"}],"collection":[{"href":"https:\/\/blog.nautal.com\/es\/wp-json\/wp\/v2\/posts"}],"about":[{"href":"https:\/\/blog.nautal.com\/es\/wp-json\/wp\/v2\/types\/post"}],"author":[{"embeddable":true,"href":"https:\/\/blog.nautal.com\/es\/wp-json\/wp\/v2\/users\/31"}],"replies":[{"embeddable":true,"href":"https:\/\/blog.nautal.com\/es\/wp-json\/wp\/v2\/comments?post=2387"}],"version-history":[{"count":1,"href":"https:\/\/blog.nautal.com\/es\/wp-json\/wp\/v2\/posts\/2387\/revisions"}],"predecessor-version":[{"id":7080,"href":"https:\/\/blog.nautal.com\/es\/wp-json\/wp\/v2\/posts\/2387\/revisions\/7080"}],"wp:featuredmedia":[{"embeddable":true,"href":"https:\/\/blog.nautal.com\/es\/wp-json\/wp\/v2\/media\/2403"}],"wp:attachment":[{"href":"https:\/\/blog.nautal.com\/es\/wp-json\/wp\/v2\/media?parent=2387"}],"wp:term":[{"taxonomy":"category","embeddable":true,"href":"https:\/\/blog.nautal.com\/es\/wp-json\/wp\/v2\/categories?post=2387"},{"taxonomy":"post_tag","embeddable":true,"href":"https:\/\/blog.nautal.com\/es\/wp-json\/wp\/v2\/tags?post=2387"}],"curies":[{"name":"wp","href":"https:\/\/api.w.org\/{rel}","templated":true}]}}